{"id":615,"date":"2024-05-22T09:21:31","date_gmt":"2024-05-22T07:21:31","guid":{"rendered":"https:\/\/www.milter2024.lyceebelair.fr\/?p=615"},"modified":"2024-05-24T09:48:03","modified_gmt":"2024-05-24T07:48:03","slug":"elementor-615","status":"publish","type":"post","link":"https:\/\/milter2024.lyceebelair.fr\/?p=615","title":{"rendered":"Conserveries de L\u2019\u00eele d\u2019Yeu"},"content":{"rendered":"\t\t<div data-elementor-type=\"wp-post\" data-elementor-id=\"615\" class=\"elementor elementor-615\">\n\t\t\t\t<div class=\"elementor-element elementor-element-2f61663 e-flex e-con-boxed e-con e-parent\" data-id=\"2f61663\" data-element_type=\"container\">\n\t\t\t\t\t<div class=\"e-con-inner\">\n\t\t\t\t<div class=\"elementor-element elementor-element-493af52 elementor-widget elementor-widget-heading\" data-id=\"493af52\" data-element_type=\"widget\" data-widget_type=\"heading.default\">\n\t\t\t\t<div class=\"elementor-widget-container\">\n\t\t\t\t\t<h2 class=\"elementor-heading-title elementor-size-default\">Conserverie de L\u2019\u00eele d\u2019Yeu<\/h2>\t\t\t\t<\/div>\n\t\t\t\t<\/div>\n\t\t\t\t\t<\/div>\n\t\t\t\t<\/div>\n\t\t<div class=\"elementor-element elementor-element-eebf6f2 e-flex e-con-boxed e-con e-parent\" data-id=\"eebf6f2\" data-element_type=\"container\">\n\t\t\t\t\t<div class=\"e-con-inner\">\n\t\t\t\t<div class=\"elementor-element elementor-element-3f56c31 elementor-widget elementor-widget-text-editor\" data-id=\"3f56c31\" data-element_type=\"widget\" data-widget_type=\"text-editor.default\">\n\t\t\t\t<div class=\"elementor-widget-container\">\n\t\t\t\t\t\t\t\t\t<p>Le Vendredi 9 f\u00e9vrier 2024, la classe de BTS DATR \u00ab <i><b>D\u00e9veloppement, Animation des Territoires Ruraux<\/b><\/i> \u00bb en 2\u00e8me ann\u00e9e et 2 professeurs, Mme Tosani (professeure d\u2019\u00e9conomie) et Mr Faure (professeur d\u2019\u00e9ducation socio-culturel) sont all\u00e9s d\u00e9couvrir et rencontrer les responsables de la Conserveries de L\u2019\u00eele d\u2019Yeu dans le cadre de son histoire sur les secteurs d\u2019activit\u00e9s Marine est de la p\u00eache. Nous avons \u00e9t\u00e9 re\u00e7u dans la nouvelle boutique de la conserverie qui permet de d\u00e9couvrir l&rsquo;ensemble de leurs produits et de voir les \u00e9tapes de fabrication dans les ateliers pr\u00e8s du port.<\/p><p><strong>Un peu d&rsquo;histoire<br \/><\/strong><\/p><p>Au milieu du XIXe si\u00e8cle, la p\u00eache \u00e0 la sardine est en plein essor et c\u2019est l\u2019activit\u00e9 \u00e9conomique principale sur la c\u00f4te Vend\u00e9enne. Elle repr\u00e9sente plus de 600 bateaux et 3500 marins p\u00eacheurs, soit presque l\u2019\u00e9quivalent de tous les ports bretons r\u00e9unis. Les sardines sont p\u00each\u00e9es en masse et transform\u00e9es dans les 27 usines install\u00e9es sur place,\u00e0 proximit\u00e9 des zones de p\u00eache.<\/p><p>Les conserveries ont jou\u00e9 un r\u00f4le important dans l\u2019histoire de l\u2019\u00eele d\u2019Yeu. Elles ont permis de cr\u00e9er des emplois et de d\u00e9velopper l\u2019activit\u00e9 \u00e9conomique de l\u2019\u00eele.<\/p><p>Actuellement il reste 2 conserveries artisanales sur l&rsquo;\u00eele d&rsquo;Yeu, sp\u00e9cialis\u00e9es dans les bocaux de caract\u00e8re. La Conserverie l&rsquo;\u00cele d&rsquo;Yeu cuisine chaque ann\u00e9e des recettes artisanales g\u00e9n\u00e9reuses, ancr\u00e9es dans la tradition et autour des produits phares de notre \u00ab\u00a0caillou\u00a0\u00bb : le thon blanc, poissons et crustac\u00e9s. Celle-ci distribue \u00e9galement ses produits dans des grandes et moyennes surfaces, \u00e9piceries, poissonneries, \u2026.<\/p><p>\u00a0<\/p>\t\t\t\t\t\t\t\t<\/div>\n\t\t\t\t<\/div>\n\t\t\t\t\t<\/div>\n\t\t\t\t<\/div>\n\t\t<div class=\"elementor-element elementor-element-d601177 e-flex e-con-boxed e-con e-parent\" data-id=\"d601177\" data-element_type=\"container\">\n\t\t\t\t\t<div class=\"e-con-inner\">\n\t\t<div class=\"elementor-element elementor-element-cf8491e e-con-full e-flex e-con e-child\" data-id=\"cf8491e\" data-element_type=\"container\">\n\t\t\t\t<div class=\"elementor-element elementor-element-ca2bbb6 elementor-widget elementor-widget-text-editor\" data-id=\"ca2bbb6\" data-element_type=\"widget\" data-widget_type=\"text-editor.default\">\n\t\t\t\t<div class=\"elementor-widget-container\">\n\t\t\t\t\t\t\t\t\t<p>Le poisson embl\u00e9matique de l\u2019\u00eele d\u2019Yeu est le \u00ab Thon germon \u00bb mis en vente de diff\u00e9rentes fa\u00e7ons. La plus typique est le Thon Germon Fum\u00e9. Une technique en plusieurs \u00e9tapes :<\/p><p>&#8211; Le Salage<\/p><p>&#8211; Le Fumage<\/p><p>&#8211; Le Repos<\/p><p>Le Thon Germon est une esp\u00e8ce de thon blanc qui est p\u00each\u00e9 dans le golfe de Gascogne, notamment au large de l\u2019\u00eele entre juillet et septembre.<\/p><p>L\u2019activit\u00e9 de p\u00eache et de transformation s\u2019est ralentie dans les ann\u00e9es 1980-1990, l\u2019\u00eele s\u2019est tourn\u00e9e vers les activit\u00e9s touristiques.<\/p><p>Drapeau Lucas<\/p>\t\t\t\t\t\t\t\t<\/div>\n\t\t\t\t<\/div>\n\t\t\t\t<\/div>\n\t\t<div class=\"elementor-element elementor-element-a1be0bf e-con-full e-flex e-con e-child\" data-id=\"a1be0bf\" data-element_type=\"container\">\n\t\t\t\t<div class=\"elementor-element elementor-element-96068d8 elementor-widget elementor-widget-image\" data-id=\"96068d8\" data-element_type=\"widget\" data-widget_type=\"image.default\">\n\t\t\t\t<div class=\"elementor-widget-container\">\n\t\t\t\t\t\t\t\t\t\t\t\t\t\t\t<img fetchpriority=\"high\" decoding=\"async\" width=\"1024\" height=\"768\" src=\"https:\/\/milter2024.lyceebelair.fr\/wp-content\/uploads\/2024\/05\/photo-conserverie-1-1024x768.jpg\" class=\"attachment-large size-large wp-image-670\" alt=\"\" srcset=\"https:\/\/milter2024.lyceebelair.fr\/wp-content\/uploads\/2024\/05\/photo-conserverie-1-1024x768.jpg 1024w, https:\/\/milter2024.lyceebelair.fr\/wp-content\/uploads\/2024\/05\/photo-conserverie-1-300x225.jpg 300w, https:\/\/milter2024.lyceebelair.fr\/wp-content\/uploads\/2024\/05\/photo-conserverie-1-768x576.jpg 768w, https:\/\/milter2024.lyceebelair.fr\/wp-content\/uploads\/2024\/05\/photo-conserverie-1-1536x1152.jpg 1536w, https:\/\/milter2024.lyceebelair.fr\/wp-content\/uploads\/2024\/05\/photo-conserverie-1-2048x1536.jpg 2048w, https:\/\/milter2024.lyceebelair.fr\/wp-content\/uploads\/2024\/05\/photo-conserverie-1-1440x1080.jpg 1440w\" sizes=\"(max-width: 1024px) 100vw, 1024px\" \/>\t\t\t\t\t\t\t\t\t\t\t\t\t\t\t<\/div>\n\t\t\t\t<\/div>\n\t\t\t\t<\/div>\n\t\t\t\t\t<\/div>\n\t\t\t\t<\/div>\n\t\t\t\t<\/div>\n\t\t","protected":false},"excerpt":{"rendered":"<p>Conserverie de L\u2019\u00eele d\u2019Yeu Le Vendredi 9 f\u00e9vrier 2024, la classe de BTS DATR \u00ab D\u00e9veloppement, Animation des Territoires Ruraux \u00bb en 2\u00e8me ann\u00e9e et 2 professeurs, Mme Tosani (professeure d\u2019\u00e9conomie) et Mr Faure (professeur d\u2019\u00e9ducation socio-culturel) sont all\u00e9s d\u00e9couvrir et rencontrer les responsables de la Conserveries de L\u2019\u00eele d\u2019Yeu dans le cadre de son [&hellip;]<\/p>\n","protected":false},"author":4,"featured_media":0,"comment_status":"closed","ping_status":"open","sticky":false,"template":"","format":"standard","meta":{"saved_in_kubio":false,"footnotes":""},"categories":[5],"tags":[],"class_list":["post-615","post","type-post","status-publish","format-standard","hentry","category-acteurs"],"_links":{"self":[{"href":"https:\/\/milter2024.lyceebelair.fr\/index.php?rest_route=\/wp\/v2\/posts\/615","targetHints":{"allow":["GET"]}}],"collection":[{"href":"https:\/\/milter2024.lyceebelair.fr\/index.php?rest_route=\/wp\/v2\/posts"}],"about":[{"href":"https:\/\/milter2024.lyceebelair.fr\/index.php?rest_route=\/wp\/v2\/types\/post"}],"author":[{"embeddable":true,"href":"https:\/\/milter2024.lyceebelair.fr\/index.php?rest_route=\/wp\/v2\/users\/4"}],"replies":[{"embeddable":true,"href":"https:\/\/milter2024.lyceebelair.fr\/index.php?rest_route=%2Fwp%2Fv2%2Fcomments&post=615"}],"version-history":[{"count":14,"href":"https:\/\/milter2024.lyceebelair.fr\/index.php?rest_route=\/wp\/v2\/posts\/615\/revisions"}],"predecessor-version":[{"id":680,"href":"https:\/\/milter2024.lyceebelair.fr\/index.php?rest_route=\/wp\/v2\/posts\/615\/revisions\/680"}],"wp:attachment":[{"href":"https:\/\/milter2024.lyceebelair.fr\/index.php?rest_route=%2Fwp%2Fv2%2Fmedia&parent=615"}],"wp:term":[{"taxonomy":"category","embeddable":true,"href":"https:\/\/milter2024.lyceebelair.fr\/index.php?rest_route=%2Fwp%2Fv2%2Fcategories&post=615"},{"taxonomy":"post_tag","embeddable":true,"href":"https:\/\/milter2024.lyceebelair.fr\/index.php?rest_route=%2Fwp%2Fv2%2Ftags&post=615"}],"curies":[{"name":"wp","href":"https:\/\/api.w.org\/{rel}","templated":true}]}}