{"id":607,"date":"2024-05-24T09:57:36","date_gmt":"2024-05-24T07:57:36","guid":{"rendered":"https:\/\/www.milter2024.lyceebelair.fr\/?p=607"},"modified":"2024-05-24T10:00:21","modified_gmt":"2024-05-24T08:00:21","slug":"analyse-du-sejour","status":"publish","type":"post","link":"https:\/\/milter2024.lyceebelair.fr\/?p=607","title":{"rendered":"Analyse du s\u00e9jour"},"content":{"rendered":"\t\t<div data-elementor-type=\"wp-post\" data-elementor-id=\"607\" class=\"elementor elementor-607\">\n\t\t\t\t<div class=\"elementor-element elementor-element-af8fcd8 e-flex e-con-boxed e-con e-parent\" data-id=\"af8fcd8\" data-element_type=\"container\">\n\t\t\t\t\t<div class=\"e-con-inner\">\n\t\t\t\t<div class=\"elementor-element elementor-element-ac9c838 elementor-widget elementor-widget-heading\" data-id=\"ac9c838\" data-element_type=\"widget\" data-widget_type=\"heading.default\">\n\t\t\t\t<div class=\"elementor-widget-container\">\n\t\t\t\t\t<h2 class=\"elementor-heading-title elementor-size-default\">Analyse de notre s\u00e9jour<\/h2>\t\t\t\t<\/div>\n\t\t\t\t<\/div>\n\t\t\t\t\t<\/div>\n\t\t\t\t<\/div>\n\t\t<div class=\"elementor-element elementor-element-d57c330 e-flex e-con-boxed e-con e-parent\" data-id=\"d57c330\" data-element_type=\"container\">\n\t\t\t\t\t<div class=\"e-con-inner\">\n\t\t\t\t<div class=\"elementor-element elementor-element-f19c754 elementor-widget elementor-widget-text-editor\" data-id=\"f19c754\" data-element_type=\"widget\" data-widget_type=\"text-editor.default\">\n\t\t\t\t<div class=\"elementor-widget-container\">\n\t\t\t\t\t\t\t\t\t<p>Au cours de notre s\u00e9jour, nous avons r\u00e9alis\u00e9 divers comptes-rendus qui nous ont permis de synth\u00e9tiser les entretiens organis\u00e9s aupr\u00e8s des acteurs du territoire. Nous avons rencontr\u00e9 les acteurs de l&rsquo;environnement, de l&rsquo;agriculture, du tourisme et ceux du milieu associatif. Gr\u00e2ce \u00e0 eux, nous avons tenter de r\u00e9pondre \u00e0 notre probl\u00e9matique \u00ab\u00a0Comment l\u2019\u00eele peut-elle concilier la pr\u00e9servation de son environnement naturel avec le d\u00e9veloppement touristique et les besoins de sa population locale ?\u00a0\u00bb.<\/p><p><strong>L&rsquo;environnement<\/strong><\/p><ul><li>G\u00e9n\u00e9ralit\u00e9s : L&rsquo;\u00eele poss\u00e8de une biodiversit\u00e9 fragile, de par ses dunes, ses falaises, ses marais et ses bocages. Ces milieux pr\u00e9sentent des risques amen\u00e9s notamment par les activit\u00e9s humaines et le r\u00e9chauffement climatique. Il y a eu une forte \u00e9rosion des c\u00f4tes due \u00e0 l&rsquo;extraction du sable il y a plusieurs ann\u00e9es mais depuis quelques temps avec l&rsquo;arr\u00eat de cette activit\u00e9, la c\u00f4te se reforme lentement. La mont\u00e9e des eaux va \u00e9galement poser probl\u00e8me, la zone du port risque de devenir inutilisable et donc il sera impossible d&rsquo;apporter des ressources du continent sur l&rsquo;\u00eele et il ne sera donc plus possible d&rsquo;y vivre.<\/li><li>La transition \u00e9cologique : Actuellement, cette transition est lente et co\u00fbteuse et ne se fera pas facilement. Un projet de champ \u00e9olien offshore va bient\u00f4t voir le jour mais ce dernier ne va pas alimenter directement l&rsquo;\u00eele mais le continent en priorit\u00e9. La mairie d\u00e9sire accueillir plus de r\u00e9sidents \u00e0 l&rsquo;ann\u00e9e mais cela ne sera pas possible tant que l&rsquo;\u00eele ne poss\u00e8de pas une stabilit\u00e9 alimentaire, de logements et de travail. Elle souhaite \u00e9galement proposer aux habitants des services comme sur le continent.<\/li><li>Gestion des d\u00e9chets : L&rsquo;\u00eele exporte la majorit\u00e9 de ses d\u00e9chets sur le continent car elle ne peut pas les g\u00e9rer enti\u00e8rement, et encore moins dans les p\u00e9riodes \u00e0 forte densit\u00e9 touristique. Le centre de tri \u00ab\u00a0Trivalis\u00a0\u00bb, install\u00e9 sur l&rsquo;\u00eele est un point de d\u00e9part pour une gestion plus \u00e9cologique des d\u00e9chets.<\/li><\/ul><p><strong>L&rsquo;agriculture<\/strong><\/p><ul><li>G\u00e9n\u00e9ralit\u00e9s : L&rsquo;agriculture au sein de l&rsquo;\u00eele est en forte d\u00e9prise, il ne reste que quelques exploitations qui ne suffisent pas \u00e0 nourrir l\u2019enti\u00e8ret\u00e9 de la population. L&rsquo;\u00eele est d\u00e9pendante du continent pour importer des ressources alimentaires.<\/li><li>Le Comit\u00e9 de D\u00e9veloppement Agricole : Il r\u00e9unit deux associations dans le but de dynamiser les productions agricoles locales, cela ne permettra toujours pas de nourrir toute la population mais cela permettra de beaucoup moins importer du continent et ainsi de consommer local.<\/li><li>Le Projet Alimentaire Territorial (PAT): C&rsquo;est un projet visant \u00e0 soutenir les agriculteurs locaux et \u00e9galement \u00e0 transformer les terres inutilis\u00e9es en cultures mara\u00eech\u00e8res.<\/li><li>La ferme municipale : Ce projet de ferme g\u00e9r\u00e9 par la mairie, permettra \u00e0 terme de fournir toutes les \u00e9coles et EHPAD de l&rsquo;\u00eele en terme de nourriture.<\/li><\/ul><p><strong>Le tourisme<\/strong><\/p><ul><li>Le sur-tourisme : Le tourisme sur l&rsquo;\u00eele pose des probl\u00e8mes sur de nombreux aspects, surtout en terme de conflits avec les habitants, et de ressource en eau.<\/li><li>Probl\u00e8me de logements : La majorit\u00e9 des habitations sur l&rsquo;\u00eele sont des habitations secondaires de vacances, elles ne sont donc pas habit\u00e9es \u00e0 l&rsquo;ann\u00e9e mais seulement en p\u00e9riode estivale. De ce fait, les habitants \u00e0 l&rsquo;ann\u00e9e ne trouvent donc pas de logements malgr\u00e9 qu&rsquo;ils aient un travail en CDI. Eux et leur familles sont donc oblig\u00e9s de quitter l&rsquo;\u00eele. Un trajet aller-retour en bateau quotidien n&rsquo;est pas envisageable. C&rsquo;est pourquoi la municipalit\u00e9 met en place son droit de pr\u00e9emption pour permettre aux habitants de se loger en priorit\u00e9. Une augmentation des taxes sur les r\u00e9sidences secondaires a \u00e9galement \u00e9t\u00e9 mise en place permettant de lever un fond d&rsquo;1.5 million d&rsquo;euros par an. Le Plan Relance de l&rsquo;\u00c9tat permet aussi d&rsquo;aider les locaux \u00e0 se loger.<\/li><li>L&rsquo;approvisionnement en eau : en p\u00e9riode estivale, la population est multipli\u00e9e par 5 avec 25 000 personnes sur l&rsquo;\u00eele, augmentant ainsi fortement la consommation en eau. L&rsquo;id\u00e9al serait que 10 000 personnes au maximum, logent en m\u00eame temps sur l&rsquo;\u00eele pour \u00e9viter les risques de p\u00e9nuries d&rsquo;eau.<\/li><\/ul>\t\t\t\t\t\t\t\t<\/div>\n\t\t\t\t<\/div>\n\t\t\t\t\t<\/div>\n\t\t\t\t<\/div>\n\t\t\t\t<\/div>\n\t\t","protected":false},"excerpt":{"rendered":"<p>Analyse de notre s\u00e9jour Au cours de notre s\u00e9jour, nous avons r\u00e9alis\u00e9 divers comptes-rendus qui nous ont permis de synth\u00e9tiser les entretiens organis\u00e9s aupr\u00e8s des acteurs du territoire. Nous avons rencontr\u00e9 les acteurs de l&rsquo;environnement, de l&rsquo;agriculture, du tourisme et ceux du milieu associatif. Gr\u00e2ce \u00e0 eux, nous avons tenter de r\u00e9pondre \u00e0 notre probl\u00e9matique [&hellip;]<\/p>\n","protected":false},"author":11,"featured_media":0,"comment_status":"closed","ping_status":"open","sticky":false,"template":"","format":"standard","meta":{"saved_in_kubio":false,"footnotes":""},"categories":[18],"tags":[],"class_list":["post-607","post","type-post","status-publish","format-standard","hentry","category-analyses"],"_links":{"self":[{"href":"https:\/\/milter2024.lyceebelair.fr\/index.php?rest_route=\/wp\/v2\/posts\/607","targetHints":{"allow":["GET"]}}],"collection":[{"href":"https:\/\/milter2024.lyceebelair.fr\/index.php?rest_route=\/wp\/v2\/posts"}],"about":[{"href":"https:\/\/milter2024.lyceebelair.fr\/index.php?rest_route=\/wp\/v2\/types\/post"}],"author":[{"embeddable":true,"href":"https:\/\/milter2024.lyceebelair.fr\/index.php?rest_route=\/wp\/v2\/users\/11"}],"replies":[{"embeddable":true,"href":"https:\/\/milter2024.lyceebelair.fr\/index.php?rest_route=%2Fwp%2Fv2%2Fcomments&post=607"}],"version-history":[{"count":8,"href":"https:\/\/milter2024.lyceebelair.fr\/index.php?rest_route=\/wp\/v2\/posts\/607\/revisions"}],"predecessor-version":[{"id":689,"href":"https:\/\/milter2024.lyceebelair.fr\/index.php?rest_route=\/wp\/v2\/posts\/607\/revisions\/689"}],"wp:attachment":[{"href":"https:\/\/milter2024.lyceebelair.fr\/index.php?rest_route=%2Fwp%2Fv2%2Fmedia&parent=607"}],"wp:term":[{"taxonomy":"category","embeddable":true,"href":"https:\/\/milter2024.lyceebelair.fr\/index.php?rest_route=%2Fwp%2Fv2%2Fcategories&post=607"},{"taxonomy":"post_tag","embeddable":true,"href":"https:\/\/milter2024.lyceebelair.fr\/index.php?rest_route=%2Fwp%2Fv2%2Ftags&post=607"}],"curies":[{"name":"wp","href":"https:\/\/api.w.org\/{rel}","templated":true}]}}