{"id":580,"date":"2024-05-22T09:24:45","date_gmt":"2024-05-22T07:24:45","guid":{"rendered":"https:\/\/www.milter2024.lyceebelair.fr\/?p=580"},"modified":"2024-05-24T09:50:17","modified_gmt":"2024-05-24T07:50:17","slug":"outils-utilises-pour-le-voyage-detude","status":"publish","type":"post","link":"https:\/\/milter2024.lyceebelair.fr\/?p=580","title":{"rendered":"Outils utilis\u00e9s pour le voyage d&rsquo;\u00e9tude"},"content":{"rendered":"\t\t<div data-elementor-type=\"wp-post\" data-elementor-id=\"580\" class=\"elementor elementor-580\">\n\t\t\t\t<div class=\"elementor-element elementor-element-1cfd595 e-flex e-con-boxed e-con e-parent\" data-id=\"1cfd595\" data-element_type=\"container\">\n\t\t\t\t\t<div class=\"e-con-inner\">\n\t\t\t\t<div class=\"elementor-element elementor-element-1e4de26 elementor-widget elementor-widget-text-editor\" data-id=\"1e4de26\" data-element_type=\"widget\" data-widget_type=\"text-editor.default\">\n\t\t\t\t<div class=\"elementor-widget-container\">\n\t\t\t\t\t\t\t\t\t<p>Pour la r\u00e9union de la table ronde de l&rsquo;environnement :<\/p><ul><li>V\u00e9ronique Bouteau, en charge de l\u2019environnement et plus pr\u00e9cis\u00e9ment de la gestion des d\u00e9chets, des zones Natura 2000 et des espaces sensibles.<\/li><li>Isabelle Cadou, adjointe au maire qui travaille sur l\u2019aspect d\u00e9chets et \u00e9lue<\/li><li>Val\u00e9rie Auriaux, conseill\u00e8re environnement et espaces naturels et \u00e9lue<\/li><li>Capucine Bureau, charg\u00e9e de mission dans le secteur de l\u2019environnement<\/li><li>B\u00e9atrice Chauvitaux, directrice g\u00e9n\u00e9rale des services<\/li><\/ul>\t\t\t\t\t\t\t\t<\/div>\n\t\t\t\t<\/div>\n\t\t\t\t\t<\/div>\n\t\t\t\t<\/div>\n\t\t<div class=\"elementor-element elementor-element-6c05d56 e-flex e-con-boxed e-con e-parent\" data-id=\"6c05d56\" data-element_type=\"container\">\n\t\t\t\t\t<div class=\"e-con-inner\">\n\t\t\t\t<div class=\"elementor-element elementor-element-66c46a2 elementor-widget elementor-widget-image\" data-id=\"66c46a2\" data-element_type=\"widget\" data-widget_type=\"image.default\">\n\t\t\t\t<div class=\"elementor-widget-container\">\n\t\t\t\t\t\t\t\t\t\t\t\t\t\t\t<img fetchpriority=\"high\" decoding=\"async\" width=\"888\" height=\"480\" src=\"https:\/\/milter2024.lyceebelair.fr\/wp-content\/uploads\/2024\/05\/Guide-dentretien-1-table-environnement.png\" class=\"attachment-large size-large wp-image-612\" alt=\"\" srcset=\"https:\/\/milter2024.lyceebelair.fr\/wp-content\/uploads\/2024\/05\/Guide-dentretien-1-table-environnement.png 888w, https:\/\/milter2024.lyceebelair.fr\/wp-content\/uploads\/2024\/05\/Guide-dentretien-1-table-environnement-300x162.png 300w, https:\/\/milter2024.lyceebelair.fr\/wp-content\/uploads\/2024\/05\/Guide-dentretien-1-table-environnement-768x415.png 768w\" sizes=\"(max-width: 888px) 100vw, 888px\" \/>\t\t\t\t\t\t\t\t\t\t\t\t\t\t\t<\/div>\n\t\t\t\t<\/div>\n\t\t\t\t\t<\/div>\n\t\t\t\t<\/div>\n\t\t<div class=\"elementor-element elementor-element-86622a0 e-flex e-con-boxed e-con e-parent\" data-id=\"86622a0\" data-element_type=\"container\">\n\t\t\t\t\t<div class=\"e-con-inner\">\n\t\t\t\t<div class=\"elementor-element elementor-element-d9011e0 elementor-widget elementor-widget-image\" data-id=\"d9011e0\" data-element_type=\"widget\" data-widget_type=\"image.default\">\n\t\t\t\t<div class=\"elementor-widget-container\">\n\t\t\t\t\t\t\t\t\t\t\t\t\t\t\t<img decoding=\"async\" width=\"885\" height=\"475\" src=\"https:\/\/milter2024.lyceebelair.fr\/wp-content\/uploads\/2024\/05\/Guide-dentretien-2-table-denvironnement-1.png\" class=\"attachment-large size-large wp-image-614\" alt=\"\" srcset=\"https:\/\/milter2024.lyceebelair.fr\/wp-content\/uploads\/2024\/05\/Guide-dentretien-2-table-denvironnement-1.png 885w, https:\/\/milter2024.lyceebelair.fr\/wp-content\/uploads\/2024\/05\/Guide-dentretien-2-table-denvironnement-1-300x161.png 300w, https:\/\/milter2024.lyceebelair.fr\/wp-content\/uploads\/2024\/05\/Guide-dentretien-2-table-denvironnement-1-768x412.png 768w\" sizes=\"(max-width: 885px) 100vw, 885px\" \/>\t\t\t\t\t\t\t\t\t\t\t\t\t\t\t<\/div>\n\t\t\t\t<\/div>\n\t\t\t\t\t<\/div>\n\t\t\t\t<\/div>\n\t\t<div class=\"elementor-element elementor-element-e783a58 e-flex e-con-boxed e-con e-parent\" data-id=\"e783a58\" data-element_type=\"container\">\n\t\t\t\t\t<div class=\"e-con-inner\">\n\t\t\t\t<div class=\"elementor-element elementor-element-b48410b elementor-widget elementor-widget-text-editor\" data-id=\"b48410b\" data-element_type=\"widget\" data-widget_type=\"text-editor.default\">\n\t\t\t\t<div class=\"elementor-widget-container\">\n\t\t\t\t\t\t\t\t\t<p>Malo\u00e9 PROUTEAU, Emilie LE NEZET<\/p>\t\t\t\t\t\t\t\t<\/div>\n\t\t\t\t<\/div>\n\t\t\t\t<div class=\"elementor-element elementor-element-20b7fb7 elementor-widget elementor-widget-text-editor\" data-id=\"20b7fb7\" data-element_type=\"widget\" data-widget_type=\"text-editor.default\">\n\t\t\t\t<div class=\"elementor-widget-container\">\n\t\t\t\t\t\t\t\t\t<p>Par la suite pour la r\u00e9union Odyss\u00e9e&rsquo;Yeu :<\/p><ul><li>Elsa Cariou, chercheuse sur l&rsquo;\u00e9rosion des c\u00f4tes \u00e0 l&rsquo;universit\u00e9 de Nantes<\/li><li>Renan Pointeau, Pr\u00e9sident de la coop\u00e9rative fonci\u00e8re et \u00e9leveur de reines d&rsquo;abeilles<\/li><\/ul>\t\t\t\t\t\t\t\t<\/div>\n\t\t\t\t<\/div>\n\t\t\t\t\t<\/div>\n\t\t\t\t<\/div>\n\t\t<div class=\"elementor-element elementor-element-a8ecdbc e-flex e-con-boxed e-con e-parent\" data-id=\"a8ecdbc\" data-element_type=\"container\">\n\t\t\t\t\t<div class=\"e-con-inner\">\n\t\t\t\t<div class=\"elementor-element elementor-element-ec766ae elementor-widget elementor-widget-image\" data-id=\"ec766ae\" data-element_type=\"widget\" data-widget_type=\"image.default\">\n\t\t\t\t<div class=\"elementor-widget-container\">\n\t\t\t\t\t\t\t\t\t\t\t\t\t\t\t<img decoding=\"async\" width=\"883\" height=\"456\" src=\"https:\/\/milter2024.lyceebelair.fr\/wp-content\/uploads\/2024\/05\/Guide-dentretien-Elsa-Cariou-OdysseeYeu.png\" class=\"attachment-large size-large wp-image-621\" alt=\"\" srcset=\"https:\/\/milter2024.lyceebelair.fr\/wp-content\/uploads\/2024\/05\/Guide-dentretien-Elsa-Cariou-OdysseeYeu.png 883w, https:\/\/milter2024.lyceebelair.fr\/wp-content\/uploads\/2024\/05\/Guide-dentretien-Elsa-Cariou-OdysseeYeu-300x155.png 300w, https:\/\/milter2024.lyceebelair.fr\/wp-content\/uploads\/2024\/05\/Guide-dentretien-Elsa-Cariou-OdysseeYeu-768x397.png 768w\" sizes=\"(max-width: 883px) 100vw, 883px\" \/>\t\t\t\t\t\t\t\t\t\t\t\t\t\t\t<\/div>\n\t\t\t\t<\/div>\n\t\t\t\t\t<\/div>\n\t\t\t\t<\/div>\n\t\t<div class=\"elementor-element elementor-element-7921519 e-flex e-con-boxed e-con e-parent\" data-id=\"7921519\" data-element_type=\"container\">\n\t\t\t\t\t<div class=\"e-con-inner\">\n\t\t\t\t<div class=\"elementor-element elementor-element-a15b3fd elementor-widget elementor-widget-text-editor\" data-id=\"a15b3fd\" data-element_type=\"widget\" data-widget_type=\"text-editor.default\">\n\t\t\t\t<div class=\"elementor-widget-container\">\n\t\t\t\t\t\t\t\t\t<p>Malo\u00e9 PROUTEAU, Emilie LE NEZET<\/p>\t\t\t\t\t\t\t\t<\/div>\n\t\t\t\t<\/div>\n\t\t\t\t\t<\/div>\n\t\t\t\t<\/div>\n\t\t<div class=\"elementor-element elementor-element-b49625c e-flex e-con-boxed e-con e-parent\" data-id=\"b49625c\" data-element_type=\"container\">\n\t\t\t\t\t<div class=\"e-con-inner\">\n\t\t\t\t<div class=\"elementor-element elementor-element-1a12949 elementor-widget elementor-widget-text-editor\" data-id=\"1a12949\" data-element_type=\"widget\" data-widget_type=\"text-editor.default\">\n\t\t\t\t<div class=\"elementor-widget-container\">\n\t\t\t\t\t\t\t\t\t<p>Nous avons \u00e9galement effectu\u00e9 un entretien avec un membre de l&rsquo;association NENY pour avoir plus d&rsquo;information sur le parc \u00e9olien en mer :<\/p><ul><li>Olivier Voisin, membre de l&rsquo;association NENY et habitant de l&rsquo;\u00eele d&rsquo;yeu.<\/li><\/ul>\t\t\t\t\t\t\t\t<\/div>\n\t\t\t\t<\/div>\n\t\t\t\t\t<\/div>\n\t\t\t\t<\/div>\n\t\t<div class=\"elementor-element elementor-element-a84db4d e-flex e-con-boxed e-con e-parent\" data-id=\"a84db4d\" data-element_type=\"container\">\n\t\t\t\t\t<div class=\"e-con-inner\">\n\t\t\t\t<div class=\"elementor-element elementor-element-c7eb165 elementor-widget elementor-widget-image\" data-id=\"c7eb165\" data-element_type=\"widget\" data-widget_type=\"image.default\">\n\t\t\t\t<div class=\"elementor-widget-container\">\n\t\t\t\t\t\t\t\t\t\t\t\t\t\t\t<img loading=\"lazy\" decoding=\"async\" width=\"795\" height=\"578\" src=\"https:\/\/milter2024.lyceebelair.fr\/wp-content\/uploads\/2024\/05\/image_2024-05-24_093939227.png\" class=\"attachment-large size-large wp-image-658\" alt=\"\" srcset=\"https:\/\/milter2024.lyceebelair.fr\/wp-content\/uploads\/2024\/05\/image_2024-05-24_093939227.png 795w, https:\/\/milter2024.lyceebelair.fr\/wp-content\/uploads\/2024\/05\/image_2024-05-24_093939227-300x218.png 300w, https:\/\/milter2024.lyceebelair.fr\/wp-content\/uploads\/2024\/05\/image_2024-05-24_093939227-768x558.png 768w\" sizes=\"(max-width: 795px) 100vw, 795px\" \/>\t\t\t\t\t\t\t\t\t\t\t\t\t\t\t<\/div>\n\t\t\t\t<\/div>\n\t\t\t\t\t<\/div>\n\t\t\t\t<\/div>\n\t\t<div class=\"elementor-element elementor-element-19bc834 e-flex e-con-boxed e-con e-parent\" data-id=\"19bc834\" data-element_type=\"container\">\n\t\t\t\t\t<div class=\"e-con-inner\">\n\t\t\t\t<div class=\"elementor-element elementor-element-94ac74a elementor-widget elementor-widget-text-editor\" data-id=\"94ac74a\" data-element_type=\"widget\" data-widget_type=\"text-editor.default\">\n\t\t\t\t<div class=\"elementor-widget-container\">\n\t\t\t\t\t\t\t\t\t<p>Logan VEQUAUD, Christopher MANDAOUE<\/p>\t\t\t\t\t\t\t\t<\/div>\n\t\t\t\t<\/div>\n\t\t\t\t\t<\/div>\n\t\t\t\t<\/div>\n\t\t<div class=\"elementor-element elementor-element-9c85f58 e-flex e-con-boxed e-con e-parent\" data-id=\"9c85f58\" data-element_type=\"container\">\n\t\t\t\t\t<div class=\"e-con-inner\">\n\t\t\t\t<div class=\"elementor-element elementor-element-3c0613d elementor-widget elementor-widget-text-editor\" data-id=\"3c0613d\" data-element_type=\"widget\" data-widget_type=\"text-editor.default\">\n\t\t\t\t<div class=\"elementor-widget-container\">\n\t\t\t\t\t\t\t\t\t<p>Ainsi qu&rsquo;un entretient avec l&rsquo;\u00e9lu \u00e0 la transition \u00e9cologique\u00a0 sur l&rsquo;\u00eele :\u00a0<\/p><ul><li>Michel Bourgery, \u00e9lu \u00e0 la transition \u00e9cologique \u00e0 la municipalit\u00e9 de l&rsquo;\u00eele d&rsquo;yeu.<\/li><\/ul>\t\t\t\t\t\t\t\t<\/div>\n\t\t\t\t<\/div>\n\t\t\t\t\t<\/div>\n\t\t\t\t<\/div>\n\t\t<div class=\"elementor-element elementor-element-24d8a4a e-flex e-con-boxed e-con e-parent\" data-id=\"24d8a4a\" data-element_type=\"container\">\n\t\t\t\t\t<div class=\"e-con-inner\">\n\t\t\t\t<div class=\"elementor-element elementor-element-1560ef3 elementor-widget elementor-widget-image\" data-id=\"1560ef3\" data-element_type=\"widget\" data-widget_type=\"image.default\">\n\t\t\t\t<div class=\"elementor-widget-container\">\n\t\t\t\t\t\t\t\t\t\t\t\t\t\t\t<img loading=\"lazy\" decoding=\"async\" width=\"813\" height=\"557\" src=\"https:\/\/milter2024.lyceebelair.fr\/wp-content\/uploads\/2024\/05\/image_2024-05-24_094522229.png\" class=\"attachment-large size-large wp-image-674\" alt=\"\" srcset=\"https:\/\/milter2024.lyceebelair.fr\/wp-content\/uploads\/2024\/05\/image_2024-05-24_094522229.png 813w, https:\/\/milter2024.lyceebelair.fr\/wp-content\/uploads\/2024\/05\/image_2024-05-24_094522229-300x206.png 300w, https:\/\/milter2024.lyceebelair.fr\/wp-content\/uploads\/2024\/05\/image_2024-05-24_094522229-768x526.png 768w\" sizes=\"(max-width: 813px) 100vw, 813px\" \/>\t\t\t\t\t\t\t\t\t\t\t\t\t\t\t<\/div>\n\t\t\t\t<\/div>\n\t\t\t\t\t<\/div>\n\t\t\t\t<\/div>\n\t\t<div class=\"elementor-element elementor-element-0376ee9 e-flex e-con-boxed e-con e-parent\" data-id=\"0376ee9\" data-element_type=\"container\">\n\t\t\t\t\t<div class=\"e-con-inner\">\n\t\t\t\t<div class=\"elementor-element elementor-element-e6be6aa elementor-widget elementor-widget-text-editor\" data-id=\"e6be6aa\" data-element_type=\"widget\" data-widget_type=\"text-editor.default\">\n\t\t\t\t<div class=\"elementor-widget-container\">\n\t\t\t\t\t\t\t\t\t<p>Logan VEQUAUD, Brian SCOTTI<\/p>\t\t\t\t\t\t\t\t<\/div>\n\t\t\t\t<\/div>\n\t\t\t\t\t<\/div>\n\t\t\t\t<\/div>\n\t\t<div class=\"elementor-element elementor-element-50219fa e-flex e-con-boxed e-con e-parent\" data-id=\"50219fa\" data-element_type=\"container\">\n\t\t\t\t\t<div class=\"e-con-inner\">\n\t\t\t\t<div class=\"elementor-element elementor-element-e1655dd elementor-widget elementor-widget-image\" data-id=\"e1655dd\" data-element_type=\"widget\" data-widget_type=\"image.default\">\n\t\t\t\t<div class=\"elementor-widget-container\">\n\t\t\t\t\t\t\t\t\t\t\t\t\t\t\t<img loading=\"lazy\" decoding=\"async\" width=\"783\" height=\"474\" src=\"https:\/\/milter2024.lyceebelair.fr\/wp-content\/uploads\/2024\/05\/guide-dentretien-ot.png\" class=\"attachment-large size-large wp-image-654\" alt=\"\" srcset=\"https:\/\/milter2024.lyceebelair.fr\/wp-content\/uploads\/2024\/05\/guide-dentretien-ot.png 783w, https:\/\/milter2024.lyceebelair.fr\/wp-content\/uploads\/2024\/05\/guide-dentretien-ot-300x182.png 300w, https:\/\/milter2024.lyceebelair.fr\/wp-content\/uploads\/2024\/05\/guide-dentretien-ot-768x465.png 768w\" sizes=\"(max-width: 783px) 100vw, 783px\" \/>\t\t\t\t\t\t\t\t\t\t\t\t\t\t\t<\/div>\n\t\t\t\t<\/div>\n\t\t\t\t\t<\/div>\n\t\t\t\t<\/div>\n\t\t<div class=\"elementor-element elementor-element-0f37ba3 e-flex e-con-boxed e-con e-parent\" data-id=\"0f37ba3\" data-element_type=\"container\">\n\t\t\t\t\t<div class=\"e-con-inner\">\n\t\t\t\t<div class=\"elementor-element elementor-element-d38e982 elementor-widget elementor-widget-text-editor\" data-id=\"d38e982\" data-element_type=\"widget\" data-widget_type=\"text-editor.default\">\n\t\t\t\t<div class=\"elementor-widget-container\">\n\t\t\t\t\t\t\t\t\t<p>Tiago Laboureux, Lucas Drapeau<\/p>\t\t\t\t\t\t\t\t<\/div>\n\t\t\t\t<\/div>\n\t\t\t\t\t<\/div>\n\t\t\t\t<\/div>\n\t\t\t\t<\/div>\n\t\t","protected":false},"excerpt":{"rendered":"<p>Pour la r\u00e9union de la table ronde de l&rsquo;environnement : V\u00e9ronique Bouteau, en charge de l\u2019environnement et plus pr\u00e9cis\u00e9ment de la gestion des d\u00e9chets, des zones Natura 2000 et des espaces sensibles. Isabelle Cadou, adjointe au maire qui travaille sur l\u2019aspect d\u00e9chets et \u00e9lue Val\u00e9rie Auriaux, conseill\u00e8re environnement et espaces naturels et \u00e9lue Capucine Bureau, [&hellip;]<\/p>\n","protected":false},"author":2,"featured_media":0,"comment_status":"closed","ping_status":"open","sticky":false,"template":"","format":"standard","meta":{"saved_in_kubio":false,"footnotes":""},"categories":[1],"tags":[],"class_list":["post-580","post","type-post","status-publish","format-standard","hentry","category-territoires"],"_links":{"self":[{"href":"https:\/\/milter2024.lyceebelair.fr\/index.php?rest_route=\/wp\/v2\/posts\/580","targetHints":{"allow":["GET"]}}],"collection":[{"href":"https:\/\/milter2024.lyceebelair.fr\/index.php?rest_route=\/wp\/v2\/posts"}],"about":[{"href":"https:\/\/milter2024.lyceebelair.fr\/index.php?rest_route=\/wp\/v2\/types\/post"}],"author":[{"embeddable":true,"href":"https:\/\/milter2024.lyceebelair.fr\/index.php?rest_route=\/wp\/v2\/users\/2"}],"replies":[{"embeddable":true,"href":"https:\/\/milter2024.lyceebelair.fr\/index.php?rest_route=%2Fwp%2Fv2%2Fcomments&post=580"}],"version-history":[{"count":34,"href":"https:\/\/milter2024.lyceebelair.fr\/index.php?rest_route=\/wp\/v2\/posts\/580\/revisions"}],"predecessor-version":[{"id":686,"href":"https:\/\/milter2024.lyceebelair.fr\/index.php?rest_route=\/wp\/v2\/posts\/580\/revisions\/686"}],"wp:attachment":[{"href":"https:\/\/milter2024.lyceebelair.fr\/index.php?rest_route=%2Fwp%2Fv2%2Fmedia&parent=580"}],"wp:term":[{"taxonomy":"category","embeddable":true,"href":"https:\/\/milter2024.lyceebelair.fr\/index.php?rest_route=%2Fwp%2Fv2%2Fcategories&post=580"},{"taxonomy":"post_tag","embeddable":true,"href":"https:\/\/milter2024.lyceebelair.fr\/index.php?rest_route=%2Fwp%2Fv2%2Ftags&post=580"}],"curies":[{"name":"wp","href":"https:\/\/api.w.org\/{rel}","templated":true}]}}