{"id":531,"date":"2024-05-22T08:17:13","date_gmt":"2024-05-22T06:17:13","guid":{"rendered":"https:\/\/www.milter2024.lyceebelair.fr\/?p=531"},"modified":"2024-05-22T08:44:48","modified_gmt":"2024-05-22T06:44:48","slug":"elementor-531","status":"publish","type":"post","link":"https:\/\/milter2024.lyceebelair.fr\/?p=531","title":{"rendered":"Pr\u00e9sentation du Territoire de l&rsquo;\u00eele d&rsquo;Yeu"},"content":{"rendered":"\t\t<div data-elementor-type=\"wp-post\" data-elementor-id=\"531\" class=\"elementor elementor-531\">\n\t\t\t\t<div class=\"elementor-element elementor-element-2662ee3 e-flex e-con-boxed e-con e-parent\" data-id=\"2662ee3\" data-element_type=\"container\">\n\t\t\t\t\t<div class=\"e-con-inner\">\n\t\t\t\t<div class=\"elementor-element elementor-element-7c13b4c elementor-widget elementor-widget-heading\" data-id=\"7c13b4c\" data-element_type=\"widget\" data-widget_type=\"heading.default\">\n\t\t\t\t<div class=\"elementor-widget-container\">\n\t\t\t\t\t<h2 class=\"elementor-heading-title elementor-size-default\">Pr\u00e9sentation du Territoire de l'\u00eele d'Yeu<\/h2>\t\t\t\t<\/div>\n\t\t\t\t<\/div>\n\t\t\t\t<div class=\"elementor-element elementor-element-b435fcf elementor-widget elementor-widget-text-editor\" data-id=\"b435fcf\" data-element_type=\"widget\" data-widget_type=\"text-editor.default\">\n\t\t\t\t<div class=\"elementor-widget-container\">\n\t\t\t\t\t\t\t\t\t<p>L\u2019\u00eele d&rsquo;Yeu est une \u00eele fran\u00e7aise du golfe de Gascogne formant la commune de L&rsquo;\u00cele-d&rsquo;Yeu, au large des c\u00f4tes vend\u00e9ennes, en r\u00e9gion Pays de la Loire. Avec l&rsquo;\u00eele de Noirmoutier, elle constitue l&rsquo;une des deux seules \u00eeles de l&rsquo;ancienne province du Poitou. Elle a une superficie de 23.32 km\u00b2. Cette \u00eele h\u00e9berge 4 771 habitants \u00e0 l\u2019ann\u00e9e. Lors de la haute saison l\u2019\u00eele peut accueillir environ 30 000 personnes.\u00a0<\/p><p>L\u2019\u00eele d\u2019Yeu fait partie du regroupement d\u2019\u00eeles appel\u00e9s \u201c\u00celes du Ponants\u201d. Les \u00eeles du Ponant regroupent 15 \u00eeles baign\u00e9es soit par La Manche soit par l&rsquo;Atlantique.\u00a0 Encore habit\u00e9es en permanence, elles se sont constitu\u00e9es en association afin de conserver une vie insulaire active.\u00a0 <br \/>Lors de sa cr\u00e9ation, l\u2019AIP (Association des Iles du Ponant) s\u2019est dot\u00e9e d\u2019une grande ambition : offrir un avenir aux \u00eeles de l\u2019Atlantique et de la Manche. Pour cela son objet premier est \u00ab le maintien de territoires abritant des communaut\u00e9s insulaires actives et attractives\u00bb.<\/p><p>L\u2019AIP qui intervient dans de nombreux domaines (les finances, les services publics, l\u2019am\u00e9nagement du territoire, l\u2019agriculture, le tourisme, l\u2019environnement, l\u2019urbanisme, la culture\u2026) est reconnue comme l\u2019interlocutrice privil\u00e9gi\u00e9e des pouvoirs publics pour les questions insulaires.<br \/>Depuis avril 1971, l\u2019association r\u00e9unit \u00e9lus et responsables socio-professionnels des \u00eeles : Maires, Conseillers d\u00e9partementaux, D\u00e9put\u00e9s, S\u00e9nateurs, repr\u00e9sentants des Chambres consulaires, des Comit\u00e9s des p\u00eaches, des Offices de tourisme, des Compagnies de transport, des collectivit\u00e9s territoriales\u2026\u00a0<\/p><p>A l&rsquo;appui de ces quelques informations nous avons d\u00e9but\u00e9 notre \u00e9tude du territoire de l&rsquo;\u00eele d\u2019Yeu, puis nous avons organis\u00e9 notre s\u00e9jour.\u00a0<\/p>\t\t\t\t\t\t\t\t<\/div>\n\t\t\t\t<\/div>\n\t\t\t\t\t<\/div>\n\t\t\t\t<\/div>\n\t\t<div class=\"elementor-element elementor-element-8d844d9 e-flex e-con-boxed e-con e-parent\" data-id=\"8d844d9\" data-element_type=\"container\">\n\t\t\t\t\t<div class=\"e-con-inner\">\n\t\t\t\t<div class=\"elementor-element elementor-element-27599d3 elementor-widget elementor-widget-text-editor\" data-id=\"27599d3\" data-element_type=\"widget\" data-widget_type=\"text-editor.default\">\n\t\t\t\t<div class=\"elementor-widget-container\">\n\t\t\t\t\t\t\t\t\t<p>Malo\u00e9 PROUTEAU<\/p>\t\t\t\t\t\t\t\t<\/div>\n\t\t\t\t<\/div>\n\t\t\t\t\t<\/div>\n\t\t\t\t<\/div>\n\t\t<div class=\"elementor-element elementor-element-6d9ec8e e-flex e-con-boxed e-con e-parent\" data-id=\"6d9ec8e\" data-element_type=\"container\">\n\t\t\t\t\t<div class=\"e-con-inner\">\n\t\t\t\t\t<\/div>\n\t\t\t\t<\/div>\n\t\t\t\t<\/div>\n\t\t","protected":false},"excerpt":{"rendered":"<p>Pr\u00e9sentation du Territoire de l&rsquo;\u00eele d&rsquo;Yeu L\u2019\u00eele d&rsquo;Yeu est une \u00eele fran\u00e7aise du golfe de Gascogne formant la commune de L&rsquo;\u00cele-d&rsquo;Yeu, au large des c\u00f4tes vend\u00e9ennes, en r\u00e9gion Pays de la Loire. Avec l&rsquo;\u00eele de Noirmoutier, elle constitue l&rsquo;une des deux seules \u00eeles de l&rsquo;ancienne province du Poitou. Elle a une superficie de 23.32 km\u00b2. [&hellip;]<\/p>\n","protected":false},"author":7,"featured_media":0,"comment_status":"closed","ping_status":"open","sticky":false,"template":"","format":"standard","meta":{"saved_in_kubio":false,"footnotes":""},"categories":[1],"tags":[],"class_list":["post-531","post","type-post","status-publish","format-standard","hentry","category-territoires"],"_links":{"self":[{"href":"https:\/\/milter2024.lyceebelair.fr\/index.php?rest_route=\/wp\/v2\/posts\/531","targetHints":{"allow":["GET"]}}],"collection":[{"href":"https:\/\/milter2024.lyceebelair.fr\/index.php?rest_route=\/wp\/v2\/posts"}],"about":[{"href":"https:\/\/milter2024.lyceebelair.fr\/index.php?rest_route=\/wp\/v2\/types\/post"}],"author":[{"embeddable":true,"href":"https:\/\/milter2024.lyceebelair.fr\/index.php?rest_route=\/wp\/v2\/users\/7"}],"replies":[{"embeddable":true,"href":"https:\/\/milter2024.lyceebelair.fr\/index.php?rest_route=%2Fwp%2Fv2%2Fcomments&post=531"}],"version-history":[{"count":20,"href":"https:\/\/milter2024.lyceebelair.fr\/index.php?rest_route=\/wp\/v2\/posts\/531\/revisions"}],"predecessor-version":[{"id":581,"href":"https:\/\/milter2024.lyceebelair.fr\/index.php?rest_route=\/wp\/v2\/posts\/531\/revisions\/581"}],"wp:attachment":[{"href":"https:\/\/milter2024.lyceebelair.fr\/index.php?rest_route=%2Fwp%2Fv2%2Fmedia&parent=531"}],"wp:term":[{"taxonomy":"category","embeddable":true,"href":"https:\/\/milter2024.lyceebelair.fr\/index.php?rest_route=%2Fwp%2Fv2%2Fcategories&post=531"},{"taxonomy":"post_tag","embeddable":true,"href":"https:\/\/milter2024.lyceebelair.fr\/index.php?rest_route=%2Fwp%2Fv2%2Ftags&post=531"}],"curies":[{"name":"wp","href":"https:\/\/api.w.org\/{rel}","templated":true}]}}