{"id":509,"date":"2024-04-19T09:59:53","date_gmt":"2024-04-19T07:59:53","guid":{"rendered":"https:\/\/www.milter2024.lyceebelair.fr\/?p=509"},"modified":"2024-05-22T09:23:40","modified_gmt":"2024-05-22T07:23:40","slug":"michel-bourgery-transition-ecologique","status":"publish","type":"post","link":"https:\/\/milter2024.lyceebelair.fr\/?p=509","title":{"rendered":"Michel Bourgery &#8211; Transition \u00c9cologique"},"content":{"rendered":"\t\t<div data-elementor-type=\"wp-post\" data-elementor-id=\"509\" class=\"elementor elementor-509\">\n\t\t\t\t<div class=\"elementor-element elementor-element-d66571e e-flex e-con-boxed e-con e-parent\" data-id=\"d66571e\" data-element_type=\"container\">\n\t\t\t\t\t<div class=\"e-con-inner\">\n\t\t\t\t<div class=\"elementor-element elementor-element-4353d28 elementor-widget elementor-widget-heading\" data-id=\"4353d28\" data-element_type=\"widget\" data-widget_type=\"heading.default\">\n\t\t\t\t<div class=\"elementor-widget-container\">\n\t\t\t\t\t<h2 class=\"elementor-heading-title elementor-size-default\">Transition \u00e9cologique<\/h2>\t\t\t\t<\/div>\n\t\t\t\t<\/div>\n\t\t\t\t\t<\/div>\n\t\t\t\t<\/div>\n\t\t<div class=\"elementor-element elementor-element-d557883 e-flex e-con-boxed e-con e-parent\" data-id=\"d557883\" data-element_type=\"container\">\n\t\t\t\t\t<div class=\"e-con-inner\">\n\t\t\t\t<div class=\"elementor-element elementor-element-cbb4c3a elementor-widget elementor-widget-text-editor\" data-id=\"cbb4c3a\" data-element_type=\"widget\" data-widget_type=\"text-editor.default\">\n\t\t\t\t<div class=\"elementor-widget-container\">\n\t\t\t\t\t\t\t\t\t<p style=\"text-align: center;\"><b>Pr\u00e9sentation de l\u2019interlocuteur :<\/b><\/p><p>Nous avons rencontr\u00e9 Michel Bourgery qui est \u00e9lu \u00e0 la mairie de l\u2019\u00eele d\u2019Yeu. Adjoint au maire, il travaille pour la transition \u00e9cologique et les finances. Ancien ing\u00e9nieur dans les secteurs nucl\u00e9aire et p\u00e9trolier puis dans l\u2019univers des finances, des banques d\u2019affaires et la marine marchande. Originaire de Paris ayant v\u00e9cu \u00e0 Londres, il venait initialement \u00e0 l\u2019\u00eele d\u2019Yeu pour ses vacances et s\u2019est install\u00e9 d\u00e9finitivement dans sa r\u00e9sidence secondaire pour sa retraite. Il y rejoint l\u2019\u00e9quipe municipale en 2020.<\/p><p><b>Quelles sont les actions concr\u00e8tes qui concernent la transition \u00e9cologique sur l\u2019\u00eele ?<\/b><\/p><p>Actuellement, l\u2019\u00eele importe tout (eau et \u00e9lectricit\u00e9) et presque rien n\u2019est produit sur place. L\u2019\u00eele est d\u00e9pendante du continent. Par exemple, en ao\u00fbt 2023, l\u2019\u00eele fut coup\u00e9e du r\u00e9seau \u00e9lectrique pendant 6 \u00e0 7h. Le futur parc \u00e9olien va alimenter exclusivement le r\u00e9seau national, l\u2019\u00eele d\u2019Yeu y \u00e9tant reli\u00e9e, recevra indirectement cette \u00e9lectricit\u00e9.<\/p><p>Concernant l\u2019agriculture, la production des quelques agriculteurs de l\u2019\u00eele ne suffit pas \u00e0 nourrir les 5 000 r\u00e9sidents de l\u2019\u00eele.<\/p><p><b>La question du PLU :\u00a0<\/b><\/p><p>Le Plan Local d\u2019Urbanisme est extr\u00eamement contraignant, il interdit beaucoup de choses sur l\u2019\u00eele et notamment en termes de pr\u00e9servation du patrimoine et de l\u2019authenticit\u00e9.<\/p><p>Il pose des freins l\u00e9gislatifs pour un projet de ferme de panneaux solaires qui se situerait sur l\u2019ancien site d\u2019une d\u00e9charge. Le site ne peut pas \u00eatre touch\u00e9 pendant au moins 50 ans selon la loi.<\/p><p>Le PLU repr\u00e9sente l\u2019avenir de l\u2019\u00eele car c\u2019est un outil r\u00e9glementaire qui permet de g\u00e9rer les futures constructions. Il y a beaucoup de constructions de logements neufs (maisons secondaires principalement), car le PLU le permet.<\/p><p>Une r\u00e9vision du PLU pourrait permettre de nouvelles constructions mais ce sont des d\u00e9marches tr\u00e8s lourdes et qui se r\u00e9v\u00e8lent g\u00e9n\u00e9ralement inefficaces car trop longues.<\/p><p><b>Le logement et l\u2019emploi sur l\u2019\u00eele :\u00a0<\/b><\/p><p>Il est tr\u00e8s difficile pour les islais de se loger par le co\u00fbt \u00e9lev\u00e9 des logements et la prolif\u00e9ration des r\u00e9sidences secondaires. M\u00eame les m\u00e9nages qui ont un travail \u00e0 temps plein, n\u2019ont pas forc\u00e9ment les moyens de s\u2019installer et sont oblig\u00e9s de rejoindre le continent. Une cinquantaine de familles sont en recherche de logement.<\/p><p>Cette perte d\u2019habitants salari\u00e9s fait du tort aux entreprises et l\u2019\u00eele se retrouve en manque de main d&rsquo;\u0153uvre sur chaque domaine. Il est donc compliqu\u00e9 de mener des projets. Autre cons\u00e9quence, la r\u00e9duction des plages horaires des commerces qui manquent de personnel ce n\u2019est pas propice \u00e0 l\u2019accroissement de l\u2019activit\u00e9 estivale.<\/p><p>L\u2019\u00eele est class\u00e9e en zone tendue ce qui a permis d\u2019augmenter la taxe d&rsquo;habitation des r\u00e9sidences secondaires. Soit 1.5 million d\u2019euros par an. Il permettra de r\u00e9soudre le probl\u00e8me du logement.<\/p><p><b>Le parc \u00e9olien :\u00a0<\/b><\/p><p>Le parc \u00e9olien est un projet de l\u2019\u00c9tat qui sera mis en service en 2026, il a \u00e9t\u00e9 amorc\u00e9 en 2008 et valid\u00e9 d\u00e9but 2023. Les travaux d\u00e9buteront entre 2024 et 2025.<\/p><p>Une taxe \u00e9olienne sera revers\u00e9e \u00e0 l\u2019\u00eele pour compenser l\u2019impact visuel sur les collectivit\u00e9s concern\u00e9es, calcul\u00e9e en fonction de la distance des \u00e9oliennes et du nombre d\u2019habitants sur l\u2019\u00eele.<\/p><p>Monsieur Bourgery estime que fonci\u00e8rement parlant, l\u2019installation d\u2019un parc \u00e9olien n\u2019est pas forc\u00e9ment utile. Pour lui, l\u2019\u00e9olien n\u2019est pas assez puissant et le nucl\u00e9aire est une solution plus p\u00e9renne. Il pense aussi qu\u2019il est plus logique de r\u00e9duire notre consommation d\u2019\u00e9nergie plut\u00f4t que de chercher \u00e0 augmenter la production avec une dizaine de champs \u00e9oliens \u00e0 l\u2019\u00e9chelle nationale. Une seule tr\u00e8s grande \u00e9olienne avec une capacit\u00e9 de 2.3 gigawatts permettrait de produire suffisamment d\u2019\u00e9nergie pour soulager le r\u00e9seau \u00e9lectrique de l\u2019\u00eele.<\/p><p><b>La transition \u00e9cologique :\u00a0<\/b><\/p><p>Une transition \u00e9cologique est lente et \u201cdouloureuse\u201d, elle ne se fait pas en un claquement de doigts. Pour consommer moins, il faudrait mieux isoler les logements et r\u00e9fl\u00e9chir \u00e0 des moyens alternatifs. Selon lui, les panneaux solaires ne produisent pas assez pour alimenter un foyer, 1m\u00b2 de panneaux produirait seulement 100 Watts \u2192 il faudrait un hectare de panneaux pour produire un 1 M\u00e9gaWatt.<\/p><p><b>Les objectifs de la mairie :\u00a0<\/b><\/p><p>La mairie travaille par commission par domaine comme la finance ou l\u2019environnement. L\u2019un de ses objectifs est d&rsquo;avoir plus de r\u00e9sidents \u00e0 l\u2019ann\u00e9e. Mais pour cela, il faudrait une stabilit\u00e9 en termes d\u2019alimentation, de logement et de travail et leur proposer des services comme sur le continent.<\/p><p>En p\u00e9riode estivale, 25 000 personnes dorment sur l\u2019\u00eele, la capacit\u00e9 est alors multipli\u00e9e par 5. Monsieur Bourgery pense que le bon \u00e9quilibre serait que 8 \u00e0 10 000 personnes r\u00e9sident sur l\u2019\u00eele \u00e0 l\u2019ann\u00e9e. Si tous les terrains constructibles de l\u2019\u00eele \u00e9taient utilis\u00e9s, la capacit\u00e9 augmenterait de 60 \u00e0 70 000 couchages.<\/p><p><b>Les forces et faiblesses de l\u2019\u00eele :\u00a0<\/b><\/p><p><b>Les plus :\u00a0<\/b><\/p><p>La consommation d\u2019hydrocarbure a \u00e9t\u00e9 divis\u00e9e par 2 en 10 ans gr\u00e2ce au d\u00e9veloppement de la mobilit\u00e9 douce et des d\u00e9placements \u00e0 v\u00e9lo qui ont permis de r\u00e9duire l\u2019utilisation de la voiture.<\/p><p>Le fait que l\u2019\u00eele soit un canton et non au sein d\u2019une communaut\u00e9 de communes est un avantage \u2192 l\u2019\u00eele poss\u00e8de les comp\u00e9tences d\u2019une commune et d\u2019un canton \u00e0 la fois.<\/p><p>Le milieu associatif est d\u00e9velopp\u00e9 et tr\u00e8s int\u00e9ressant pour les citoyens mais pas assez pour porter des projets de soci\u00e9t\u00e9. Quasiment tous les habitants se connaissent, ce qui appuie le sentiment de collectivit\u00e9.<\/p><p><b><i>Les moins <\/i><\/b><b>:\u00a0<\/b><\/p><p>Les temps de trajet pour aller sur le continent sont tr\u00e8s long, il a appuy\u00e9 ses propos avec un exemple, il faut moins de temps pour faire Londres \u2192 Paris que pour faire l\u2019\u00eele d\u2019Yeu \u2192 Paris.<\/p><p>Il y a \u00e9galement une probl\u00e9matique autour du trait de c\u00f4te mais qui est actuellement \u00e9tudi\u00e9e de l\u2019association Yeu Demain et leur projet \u201cODyS\u00e9Yeu\u201d. On retrouve aussi le probl\u00e8me de logement, surtout vis \u00e0 vis du tourisme, la municipalit\u00e9 ne peut pas s&rsquo;opposer \u00e0 un permis de construire alors que l\u2019\u00eele est satur\u00e9e par les b\u00e2timents.<\/p><p>La mont\u00e9e des eaux va poser de nombreux probl\u00e8mes \u00e0 l\u2019avenir. La zone du port est vuln\u00e9rable, les bateaux vont avoir du mal \u00e0 accoster et donc \u00e0 apporter des ressources sur l\u2019\u00eele, celle-ci est d\u00e9pendante des bateaux, cela est notamment d\u00fb \u00e0 sa difficult\u00e9 \u00e0 produire des ressources agricoles pour toute la population. La station d\u2019assainissement risque de se retrouver inond\u00e9e ce qui va provoquer une coupure d\u2019\u00e9lectricit\u00e9 et donc de grave probl\u00e8mes sanitaire.<\/p><p>Pour ce qui est de la p\u00eache, cette derni\u00e8re a fortement diminu\u00e9 depuis plusieurs ann\u00e9es mais cette tradition se perp\u00e9tue sur l\u2019\u00eele, notamment gr\u00e2ce \u00e0 sa conserverie.<\/p><p>\u00a0<\/p><p><span style=\"color: #999999;\">Logan, Brian<\/span><\/p>\t\t\t\t\t\t\t\t<\/div>\n\t\t\t\t<\/div>\n\t\t\t\t\t<\/div>\n\t\t\t\t<\/div>\n\t\t<div class=\"elementor-element elementor-element-ed2c777 e-flex e-con-boxed e-con e-parent\" data-id=\"ed2c777\" data-element_type=\"container\">\n\t\t\t\t\t<div class=\"e-con-inner\">\n\t\t\t\t\t<\/div>\n\t\t\t\t<\/div>\n\t\t\t\t<\/div>\n\t\t","protected":false},"excerpt":{"rendered":"<p>Transition \u00e9cologique Pr\u00e9sentation de l\u2019interlocuteur : Nous avons rencontr\u00e9 Michel Bourgery qui est \u00e9lu \u00e0 la mairie de l\u2019\u00eele d\u2019Yeu. Adjoint au maire, il travaille pour la transition \u00e9cologique et les finances. Ancien ing\u00e9nieur dans les secteurs nucl\u00e9aire et p\u00e9trolier puis dans l\u2019univers des finances, des banques d\u2019affaires et la marine marchande. Originaire de Paris [&hellip;]<\/p>\n","protected":false},"author":11,"featured_media":0,"comment_status":"closed","ping_status":"open","sticky":false,"template":"","format":"standard","meta":{"saved_in_kubio":false,"footnotes":""},"categories":[5],"tags":[],"class_list":["post-509","post","type-post","status-publish","format-standard","hentry","category-acteurs"],"_links":{"self":[{"href":"https:\/\/milter2024.lyceebelair.fr\/index.php?rest_route=\/wp\/v2\/posts\/509","targetHints":{"allow":["GET"]}}],"collection":[{"href":"https:\/\/milter2024.lyceebelair.fr\/index.php?rest_route=\/wp\/v2\/posts"}],"about":[{"href":"https:\/\/milter2024.lyceebelair.fr\/index.php?rest_route=\/wp\/v2\/types\/post"}],"author":[{"embeddable":true,"href":"https:\/\/milter2024.lyceebelair.fr\/index.php?rest_route=\/wp\/v2\/users\/11"}],"replies":[{"embeddable":true,"href":"https:\/\/milter2024.lyceebelair.fr\/index.php?rest_route=%2Fwp%2Fv2%2Fcomments&post=509"}],"version-history":[{"count":19,"href":"https:\/\/milter2024.lyceebelair.fr\/index.php?rest_route=\/wp\/v2\/posts\/509\/revisions"}],"predecessor-version":[{"id":573,"href":"https:\/\/milter2024.lyceebelair.fr\/index.php?rest_route=\/wp\/v2\/posts\/509\/revisions\/573"}],"wp:attachment":[{"href":"https:\/\/milter2024.lyceebelair.fr\/index.php?rest_route=%2Fwp%2Fv2%2Fmedia&parent=509"}],"wp:term":[{"taxonomy":"category","embeddable":true,"href":"https:\/\/milter2024.lyceebelair.fr\/index.php?rest_route=%2Fwp%2Fv2%2Fcategories&post=509"},{"taxonomy":"post_tag","embeddable":true,"href":"https:\/\/milter2024.lyceebelair.fr\/index.php?rest_route=%2Fwp%2Fv2%2Ftags&post=509"}],"curies":[{"name":"wp","href":"https:\/\/api.w.org\/{rel}","templated":true}]}}