{"id":445,"date":"2024-02-22T08:24:00","date_gmt":"2024-02-22T07:24:00","guid":{"rendered":"https:\/\/www.milter2024.lyceebelair.fr\/?p=445"},"modified":"2024-05-22T08:42:58","modified_gmt":"2024-05-22T06:42:58","slug":"les-eoliennes-en-mer-sur-lile-dyeu-un-projet-davenir","status":"publish","type":"post","link":"https:\/\/milter2024.lyceebelair.fr\/?p=445","title":{"rendered":"Les \u00e9oliennes en mer sur l&rsquo;\u00eele d&rsquo;Yeu, un projet d\u2019avenir ?"},"content":{"rendered":"\t\t<div data-elementor-type=\"wp-post\" data-elementor-id=\"445\" class=\"elementor elementor-445\">\n\t\t\t\t<div class=\"elementor-element elementor-element-2e2eb28 e-flex e-con-boxed e-con e-parent\" data-id=\"2e2eb28\" data-element_type=\"container\">\n\t\t\t\t\t<div class=\"e-con-inner\">\n\t\t\t\t<div class=\"elementor-element elementor-element-5290ec9 elementor-widget elementor-widget-heading\" data-id=\"5290ec9\" data-element_type=\"widget\" data-widget_type=\"heading.default\">\n\t\t\t\t<div class=\"elementor-widget-container\">\n\t\t\t\t\t<h2 class=\"elementor-heading-title elementor-size-default\">Le projet \u00e9olienne<\/h2>\t\t\t\t<\/div>\n\t\t\t\t<\/div>\n\t\t\t\t\t<\/div>\n\t\t\t\t<\/div>\n\t\t<div class=\"elementor-element elementor-element-5bbd7d1 e-flex e-con-boxed e-con e-parent\" data-id=\"5bbd7d1\" data-element_type=\"container\">\n\t\t\t\t\t<div class=\"e-con-inner\">\n\t\t\t\t<div class=\"elementor-element elementor-element-0f3cee2 elementor-widget elementor-widget-text-editor\" data-id=\"0f3cee2\" data-element_type=\"widget\" data-widget_type=\"text-editor.default\">\n\t\t\t\t<div class=\"elementor-widget-container\">\n\t\t\t\t\t\t\t\t\t<p><span style=\"font-weight: 400;\">Le 6 f\u00e9vrier 2024, dans le cadre de notre MIL Territoire, Olivier Voisin, un membre de l&rsquo;Association NENY a tenu un entretien anim\u00e9 par les \u00e9tudiants. Cet entretien avait pour but d\u2019avoir son point de vue en tant que membre d\u2019une association qui se positionne contre le projet des \u00e9oliennes en mer entre Noirmoutier et l\u2019\u00eele d\u2019Yeu. L\u2019entretien avait \u00e9galement pour objectif de nous aider \u00e0 r\u00e9pondre \u00e0 la probl\u00e9matique suivante : \u201c<\/span><span style=\"font-weight: 400;\">Comment l\u2019\u00eele peut-elle concilier la pr\u00e9servation de son environnement naturel avec le d\u00e9veloppement touristique et les besoins de sa population locale ?\u201d.<\/span><\/p>\t\t\t\t\t\t\t\t<\/div>\n\t\t\t\t<\/div>\n\t\t\t\t\t<\/div>\n\t\t\t\t<\/div>\n\t\t<div class=\"elementor-element elementor-element-46f9b22 e-flex e-con-boxed e-con e-parent\" data-id=\"46f9b22\" data-element_type=\"container\">\n\t\t\t\t\t<div class=\"e-con-inner\">\n\t\t\t\t<div class=\"elementor-element elementor-element-b838bbe elementor-widget elementor-widget-image\" data-id=\"b838bbe\" data-element_type=\"widget\" data-widget_type=\"image.default\">\n\t\t\t\t<div class=\"elementor-widget-container\">\n\t\t\t\t\t\t\t\t\t\t\t\t\t\t\t<img fetchpriority=\"high\" decoding=\"async\" width=\"1024\" height=\"768\" src=\"https:\/\/milter2024.lyceebelair.fr\/wp-content\/uploads\/2024\/02\/unnamed-1-1024x768.jpg\" class=\"attachment-large size-large wp-image-457\" alt=\"\" srcset=\"https:\/\/milter2024.lyceebelair.fr\/wp-content\/uploads\/2024\/02\/unnamed-1-1024x768.jpg 1024w, https:\/\/milter2024.lyceebelair.fr\/wp-content\/uploads\/2024\/02\/unnamed-1-300x225.jpg 300w, https:\/\/milter2024.lyceebelair.fr\/wp-content\/uploads\/2024\/02\/unnamed-1-768x576.jpg 768w, https:\/\/milter2024.lyceebelair.fr\/wp-content\/uploads\/2024\/02\/unnamed-1-1536x1152.jpg 1536w, https:\/\/milter2024.lyceebelair.fr\/wp-content\/uploads\/2024\/02\/unnamed-1-1440x1080.jpg 1440w, https:\/\/milter2024.lyceebelair.fr\/wp-content\/uploads\/2024\/02\/unnamed-1.jpg 1920w\" sizes=\"(max-width: 1024px) 100vw, 1024px\" \/>\t\t\t\t\t\t\t\t\t\t\t\t\t\t\t<\/div>\n\t\t\t\t<\/div>\n\t\t\t\t\t<\/div>\n\t\t\t\t<\/div>\n\t\t<div class=\"elementor-element elementor-element-b959a09 e-flex e-con-boxed e-con e-parent\" data-id=\"b959a09\" data-element_type=\"container\">\n\t\t\t\t\t<div class=\"e-con-inner\">\n\t\t\t\t<div class=\"elementor-element elementor-element-3e7a4b3 elementor-widget elementor-widget-text-editor\" data-id=\"3e7a4b3\" data-element_type=\"widget\" data-widget_type=\"text-editor.default\">\n\t\t\t\t<div class=\"elementor-widget-container\">\n\t\t\t\t\t\t\t\t\t<pre>Rencontre sur la pointe de la Gournaise<\/pre>\t\t\t\t\t\t\t\t<\/div>\n\t\t\t\t<\/div>\n\t\t\t\t<div class=\"elementor-element elementor-element-f9204cb elementor-widget elementor-widget-text-editor\" data-id=\"f9204cb\" data-element_type=\"widget\" data-widget_type=\"text-editor.default\">\n\t\t\t\t<div class=\"elementor-widget-container\">\n\t\t\t\t\t\t\t\t\t<p><span style=\"font-weight: 400;\">L&rsquo;interlocuteur principal de cette r\u00e9union, Olivier Voisin, paysagiste natif de l&rsquo;\u00eele, mais \u00e9galement \u00e0 l\u2019origine du groupe Yeu Debout, il a apport\u00e9 une perspective pr\u00e9cieuse. Avec un pass\u00e9 professionnel li\u00e9 \u00e0 la mairie de l&rsquo;\u00eele sur une p\u00e9riode de 5 ans et une exp\u00e9rience de 20 ans dans le domaine du paysagisme, M.Voisin a une compr\u00e9hension approfondie des enjeux locaux. Son engagement dans l&rsquo;association NENY refl\u00e8te sa pr\u00e9occupation pour l&rsquo;avenir de l&rsquo;\u00eele et son souci de pr\u00e9server son patrimoine naturel.<\/span><\/p>\t\t\t\t\t\t\t\t<\/div>\n\t\t\t\t<\/div>\n\t\t\t\t\t<\/div>\n\t\t\t\t<\/div>\n\t\t<div class=\"elementor-element elementor-element-fdfc978 e-flex e-con-boxed e-con e-parent\" data-id=\"fdfc978\" data-element_type=\"container\">\n\t\t\t\t\t<div class=\"e-con-inner\">\n\t\t\t\t<div class=\"elementor-element elementor-element-7e3050e elementor-widget elementor-widget-text-editor\" data-id=\"7e3050e\" data-element_type=\"widget\" data-widget_type=\"text-editor.default\">\n\t\t\t\t<div class=\"elementor-widget-container\">\n\t\t\t\t\t\t\t\t\t<p><span style=\"font-weight: 400;\">Au c\u0153ur des d\u00e9bats se trouve le projet \u00e9olien, approuv\u00e9 en 2010, qui pr\u00e9voit l&rsquo;installation de 62 \u00e9oliennes en mer, \u00e0 12 km de l&rsquo;\u00eele d\u2019ici 2026. Cette initiative, soutenue par les autorit\u00e9s locales en raison de la volont\u00e9 nationale de r\u00e9duire la d\u00e9pendance au nucl\u00e9aire, a soulev\u00e9 des pr\u00e9occupations diverses au sein de la communaut\u00e9.<\/span><\/p>\t\t\t\t\t\t\t\t<\/div>\n\t\t\t\t<\/div>\n\t\t\t\t\t<\/div>\n\t\t\t\t<\/div>\n\t\t<div class=\"elementor-element elementor-element-f83672f e-flex e-con-boxed e-con e-parent\" data-id=\"f83672f\" data-element_type=\"container\">\n\t\t\t\t\t<div class=\"e-con-inner\">\n\t\t\t\t<div class=\"elementor-element elementor-element-dfca98b elementor-widget elementor-widget-text-editor\" data-id=\"dfca98b\" data-element_type=\"widget\" data-widget_type=\"text-editor.default\">\n\t\t\t\t<div class=\"elementor-widget-container\">\n\t\t\t\t\t\t\t\t\t<p><span style=\"font-weight: 400;\">Les opposants au projet, repr\u00e9sent\u00e9s en partie par les propri\u00e9taires de r\u00e9sidences secondaires, craignent les impacts visuels et une perte de valeur de leur bien. Mais \u00e9galement des probl\u00e8mes environnementaux des \u00e9oliennes sur le littoral et la biodiversit\u00e9 marine, \u00e9voquer par M.Voisin. M.Voisin, bien qu&rsquo;engag\u00e9 dans la sensibilisation, se d\u00e9finit davantage comme un lanceur d&rsquo;alerte que comme un opposant. Il souligne les pr\u00e9occupations l\u00e9gitimes concernant les \u00e9nergies intermittentes et les cons\u00e9quences potentielles sur l&rsquo;\u00e9cosyst\u00e8me marin.<\/span><\/p>\t\t\t\t\t\t\t\t<\/div>\n\t\t\t\t<\/div>\n\t\t\t\t\t<\/div>\n\t\t\t\t<\/div>\n\t\t<div class=\"elementor-element elementor-element-2c15441 e-flex e-con-boxed e-con e-parent\" data-id=\"2c15441\" data-element_type=\"container\">\n\t\t\t\t\t<div class=\"e-con-inner\">\n\t\t\t\t<div class=\"elementor-element elementor-element-0706d9e elementor-widget elementor-widget-image\" data-id=\"0706d9e\" data-element_type=\"widget\" data-widget_type=\"image.default\">\n\t\t\t\t<div class=\"elementor-widget-container\">\n\t\t\t\t\t\t\t\t\t\t\t\t\t\t\t<img decoding=\"async\" width=\"1024\" height=\"768\" src=\"https:\/\/milter2024.lyceebelair.fr\/wp-content\/uploads\/2024\/02\/unnamed-2-1024x768.jpg\" class=\"attachment-large size-large wp-image-458\" alt=\"\" srcset=\"https:\/\/milter2024.lyceebelair.fr\/wp-content\/uploads\/2024\/02\/unnamed-2-1024x768.jpg 1024w, https:\/\/milter2024.lyceebelair.fr\/wp-content\/uploads\/2024\/02\/unnamed-2-300x225.jpg 300w, https:\/\/milter2024.lyceebelair.fr\/wp-content\/uploads\/2024\/02\/unnamed-2-768x576.jpg 768w, https:\/\/milter2024.lyceebelair.fr\/wp-content\/uploads\/2024\/02\/unnamed-2-1536x1152.jpg 1536w, https:\/\/milter2024.lyceebelair.fr\/wp-content\/uploads\/2024\/02\/unnamed-2-1440x1080.jpg 1440w, https:\/\/milter2024.lyceebelair.fr\/wp-content\/uploads\/2024\/02\/unnamed-2.jpg 1920w\" sizes=\"(max-width: 1024px) 100vw, 1024px\" \/>\t\t\t\t\t\t\t\t\t\t\t\t\t\t\t<\/div>\n\t\t\t\t<\/div>\n\t\t\t\t\t<\/div>\n\t\t\t\t<\/div>\n\t\t<div class=\"elementor-element elementor-element-dbb40fe e-flex e-con-boxed e-con e-parent\" data-id=\"dbb40fe\" data-element_type=\"container\">\n\t\t\t\t\t<div class=\"e-con-inner\">\n\t\t\t\t<div class=\"elementor-element elementor-element-679a9b7 elementor-widget elementor-widget-text-editor\" data-id=\"679a9b7\" data-element_type=\"widget\" data-widget_type=\"text-editor.default\">\n\t\t\t\t<div class=\"elementor-widget-container\">\n\t\t\t\t\t\t\t\t\t<p><span style=\"font-weight: 400;\">Outre les pr\u00e9occupations environnementales, M.Voisin aborde \u00e9galement les implications \u00e9conomiques et sociales du projet. Alors que les \u00e9oliennes promettent des retomb\u00e9es financi\u00e8res importantes pour la municipalit\u00e9 \u00e0 hauteur de 700 000 \u20ac de subvention annuelle sur une p\u00e9riode de 25 ans et le secteur de la p\u00eache. Le projet est \u00e9galement sponsor du Vend\u00e9e Globe dont le d\u00e9part se situe aux Sables d\u2019Olonnes.<\/span><\/p>\t\t\t\t\t\t\t\t<\/div>\n\t\t\t\t<\/div>\n\t\t\t\t\t<\/div>\n\t\t\t\t<\/div>\n\t\t<div class=\"elementor-element elementor-element-370a1b1 e-flex e-con-boxed e-con e-parent\" data-id=\"370a1b1\" data-element_type=\"container\">\n\t\t\t\t\t<div class=\"e-con-inner\">\n\t\t\t\t<div class=\"elementor-element elementor-element-0db950b elementor-widget elementor-widget-text-editor\" data-id=\"0db950b\" data-element_type=\"widget\" data-widget_type=\"text-editor.default\">\n\t\t\t\t<div class=\"elementor-widget-container\">\n\t\t\t\t\t\t\t\t\t<p><span style=\"font-weight: 400;\">En plus du d\u00e9bat sur l&rsquo;\u00e9olien, l\u2019entretien a mis en lumi\u00e8re d&rsquo;autres d\u00e9fis auxquels l&rsquo;\u00eele est confront\u00e9e. La gestion des d\u00e9chets, l&rsquo;acc\u00e8s \u00e0 l&rsquo;eau potable et le d\u00e9veloppement agricole sont autant de sujets cruciaux pour la durabilit\u00e9 de l&rsquo;\u00eele. M.Voisin souligne le besoin d&rsquo;une approche \u00e9quilibr\u00e9e qui tienne compte des r\u00e9alit\u00e9s locales et des aspirations de la communaut\u00e9.<\/span><\/p>\t\t\t\t\t\t\t\t<\/div>\n\t\t\t\t<\/div>\n\t\t\t\t\t<\/div>\n\t\t\t\t<\/div>\n\t\t<div class=\"elementor-element elementor-element-1992a84 e-flex e-con-boxed e-con e-parent\" data-id=\"1992a84\" data-element_type=\"container\">\n\t\t\t\t\t<div class=\"e-con-inner\">\n\t\t\t\t<div class=\"elementor-element elementor-element-01931a2 elementor-widget elementor-widget-text-editor\" data-id=\"01931a2\" data-element_type=\"widget\" data-widget_type=\"text-editor.default\">\n\t\t\t\t<div class=\"elementor-widget-container\">\n\t\t\t\t\t\t\t\t\t<p><span style=\"font-weight: 400;\">Enfin, en envisageant l&rsquo;avenir de l&rsquo;\u00eele, M.Voisin soul\u00e8ve des questions sur la viabilit\u00e9 \u00e0 long terme de son mod\u00e8le \u00e9conomique et social. Avec des pressions croissantes sur le march\u00e9 du travail et des d\u00e9fis persistants en mati\u00e8re d&rsquo;environnement, l&rsquo;\u00eele d&rsquo;Yeu doit s&rsquo;adapter pour prosp\u00e9rer dans les ann\u00e9es \u00e0 venir.<\/span><\/p>\t\t\t\t\t\t\t\t<\/div>\n\t\t\t\t<\/div>\n\t\t\t\t\t<\/div>\n\t\t\t\t<\/div>\n\t\t<div class=\"elementor-element elementor-element-0779903 e-con-full e-flex e-con e-parent\" data-id=\"0779903\" data-element_type=\"container\">\n\t\t\t\t<div class=\"elementor-element elementor-element-dd21e5b elementor-widget elementor-widget-text-editor\" data-id=\"dd21e5b\" data-element_type=\"widget\" data-widget_type=\"text-editor.default\">\n\t\t\t\t<div class=\"elementor-widget-container\">\n\t\t\t\t\t\t\t\t\t<p><span style=\"font-weight: 400;\">Pour ce qui est de l\u2019association NENY, elle compte 250 membres dont une majorit\u00e9 de r\u00e9sidents secondaires. Parmi les actions dont M.Voisin a particip\u00e9 au sein de l\u2019association on compte : deux manifestations, une \u00e0 Noirmoutier et une \u00e0 Saint-Brieuc de 1000 personnes. Mais \u00e9galement des ap\u00e9ros de sensibilisation de 20 \u00e0 30 personnes, ainsi qu\u2019un recours au tribunal administratif mais ce dernier f\u00fbt rejet\u00e9 car le projet est reconnu d\u2019utilit\u00e9 publique.<\/span><\/p>\t\t\t\t\t\t\t\t<\/div>\n\t\t\t\t<\/div>\n\t\t\t\t<\/div>\n\t\t<div class=\"elementor-element elementor-element-157e839 e-flex e-con-boxed e-con e-parent\" data-id=\"157e839\" data-element_type=\"container\">\n\t\t\t\t\t<div class=\"e-con-inner\">\n\t\t\t\t\t<\/div>\n\t\t\t\t<\/div>\n\t\t\t\t<\/div>\n\t\t","protected":false},"excerpt":{"rendered":"<p>Le projet \u00e9olienne Le 6 f\u00e9vrier 2024, dans le cadre de notre MIL Territoire, Olivier Voisin, un membre de l&rsquo;Association NENY a tenu un entretien anim\u00e9 par les \u00e9tudiants. Cet entretien avait pour but d\u2019avoir son point de vue en tant que membre d\u2019une association qui se positionne contre le projet des \u00e9oliennes en mer [&hellip;]<\/p>\n","protected":false},"author":5,"featured_media":0,"comment_status":"closed","ping_status":"open","sticky":false,"template":"","format":"standard","meta":{"saved_in_kubio":false,"footnotes":""},"categories":[1],"tags":[],"class_list":["post-445","post","type-post","status-publish","format-standard","hentry","category-territoires"],"_links":{"self":[{"href":"https:\/\/milter2024.lyceebelair.fr\/index.php?rest_route=\/wp\/v2\/posts\/445","targetHints":{"allow":["GET"]}}],"collection":[{"href":"https:\/\/milter2024.lyceebelair.fr\/index.php?rest_route=\/wp\/v2\/posts"}],"about":[{"href":"https:\/\/milter2024.lyceebelair.fr\/index.php?rest_route=\/wp\/v2\/types\/post"}],"author":[{"embeddable":true,"href":"https:\/\/milter2024.lyceebelair.fr\/index.php?rest_route=\/wp\/v2\/users\/5"}],"replies":[{"embeddable":true,"href":"https:\/\/milter2024.lyceebelair.fr\/index.php?rest_route=%2Fwp%2Fv2%2Fcomments&post=445"}],"version-history":[{"count":13,"href":"https:\/\/milter2024.lyceebelair.fr\/index.php?rest_route=\/wp\/v2\/posts\/445\/revisions"}],"predecessor-version":[{"id":576,"href":"https:\/\/milter2024.lyceebelair.fr\/index.php?rest_route=\/wp\/v2\/posts\/445\/revisions\/576"}],"wp:attachment":[{"href":"https:\/\/milter2024.lyceebelair.fr\/index.php?rest_route=%2Fwp%2Fv2%2Fmedia&parent=445"}],"wp:term":[{"taxonomy":"category","embeddable":true,"href":"https:\/\/milter2024.lyceebelair.fr\/index.php?rest_route=%2Fwp%2Fv2%2Fcategories&post=445"},{"taxonomy":"post_tag","embeddable":true,"href":"https:\/\/milter2024.lyceebelair.fr\/index.php?rest_route=%2Fwp%2Fv2%2Ftags&post=445"}],"curies":[{"name":"wp","href":"https:\/\/api.w.org\/{rel}","templated":true}]}}