{"id":366,"date":"2024-02-15T10:32:19","date_gmt":"2024-02-15T09:32:19","guid":{"rendered":"https:\/\/www.milter2024.lyceebelair.fr\/?p=366"},"modified":"2024-05-22T08:46:12","modified_gmt":"2024-05-22T06:46:12","slug":"article-arthur-bouyer","status":"publish","type":"post","link":"https:\/\/milter2024.lyceebelair.fr\/?p=366","title":{"rendered":"Comit\u00e9 de d\u00e9veloppement de l&rsquo;agriculture"},"content":{"rendered":"\t\t<div data-elementor-type=\"wp-post\" data-elementor-id=\"366\" class=\"elementor elementor-366\">\n\t\t\t\t<div class=\"elementor-element elementor-element-d2c011e e-flex e-con-boxed e-con e-parent\" data-id=\"d2c011e\" data-element_type=\"container\">\n\t\t\t\t\t<div class=\"e-con-inner\">\n\t\t\t\t<div class=\"elementor-element elementor-element-e0d672d elementor-widget elementor-widget-heading\" data-id=\"e0d672d\" data-element_type=\"widget\" data-widget_type=\"heading.default\">\n\t\t\t\t<div class=\"elementor-widget-container\">\n\t\t\t\t\t<h2 class=\"elementor-heading-title elementor-size-default\">L'agriculture sur l'\u00eele<\/h2>\t\t\t\t<\/div>\n\t\t\t\t<\/div>\n\t\t\t\t\t<\/div>\n\t\t\t\t<\/div>\n\t\t<div class=\"elementor-element elementor-element-6b34932e e-flex e-con-boxed e-con e-parent\" data-id=\"6b34932e\" data-element_type=\"container\">\n\t\t\t\t\t<div class=\"e-con-inner\">\n\t\t\t\t<div class=\"elementor-element elementor-element-38b8159e elementor-widget elementor-widget-text-editor\" data-id=\"38b8159e\" data-element_type=\"widget\" data-widget_type=\"text-editor.default\">\n\t\t\t\t<div class=\"elementor-widget-container\">\n\t\t\t\t\t\t\t\t\t<p><\/p>\n<p><strong>Investir dans l&rsquo;Avenir de l&rsquo;Agriculture sur l&rsquo;\u00cele d&rsquo;Yeu :<\/strong><\/p>\n<p><\/p>\n<p><\/p>\n<p>\u00a0<\/p>\n<p>Depuis trois ans, Monsieur Arthur Bouyer se d\u00e9die en tant que charg\u00e9 de mission au sein du Comit\u00e9 de D\u00e9veloppement de l\u2019Agriculture de l\u2019\u00eele d\u2019Yeu. Avec une Licence en g\u00e9ographie et d&rsquo;un Master 2 sp\u00e9cialis\u00e9 dans l\u2019am\u00e9nagement du territoire, il \u0153uvre pour promouvoir et p\u00e9renniser l&rsquo;activit\u00e9 agricole sur cette \u00eele embl\u00e9matique.<\/p>\n<p><\/p>\n<p><\/p>\n<p><strong>Le Comit\u00e9 de D\u00e9veloppement Agricole :<\/strong><\/p>\n<p><\/p>\n<p><\/p>\n<p>Fond\u00e9 en 2014, le Comit\u00e9 de D\u00e9veloppement Agricole r\u00e9unit deux associations, une coop\u00e9rative fonci\u00e8re et la mairie dans le but de dynamiser les productions agricoles locales. Leur programme phare, \u201cTerre Fert\u2019iles\u201d, vise \u00e0 d\u00e9fricher des terres pour favoriser l&rsquo;installation d&rsquo;agriculteurs sur l&rsquo;\u00eele. Bien que r\u00e9compens\u00e9 par le label PAT en 2018, ce comit\u00e9 cherche des financements pour faire progresser l&rsquo;agriculture sur l\u2019\u00eele, l&rsquo;\u00eele \u00e9tant un canton et non une intercommunalit\u00e9 comme sur le continent.<\/p>\n<p><\/p>\n<p><\/p>\n<p><strong>Les D\u00e9fis Agricoles de l&rsquo;\u00cele :\u00a0<\/strong><\/p>\n<p><\/p>\n<p><\/p>\n<p>Sur les 3200 hectares que compte l&rsquo;\u00eele, seuls 270 hectares sont d\u00e9di\u00e9s \u00e0 l&rsquo;agriculture, soit moins d&rsquo;un dixi\u00e8me de sa superficie. Parmi ces terres, seules une fraction est effectivement cultiv\u00e9e, principalement pour le mara\u00eechage et les cultures c\u00e9r\u00e9ali\u00e8res. Malgr\u00e9 cela, l&rsquo;\u00eele ne parvient \u00e0 nourrir qu&rsquo;une petite partie de sa population. La d\u00e9pendance aux ressources continentales, telles que l&rsquo;eau et le foin, est un d\u00e9fi constant. Le CDA apporte un soutien crucial en fournissant du compost et en facilitant les livraisons de plantations.<\/p>\n<p><\/p>\n<p><\/p>\n<p><strong>Les Actions du Plan Alimentaire Territorial :<\/strong><\/p>\n<p><\/p>\n<p><\/p>\n<p>Le Plan Alimentaire Territorial s&rsquo;inscrit comme un guide pour soutenir les agriculteurs locaux, en favorisant notamment le mara\u00eechage. Des projets ambitieux visent \u00e0 transformer les terres en cultures mara\u00eech\u00e8res, en laissant les \u00e9leveurs pouvoir faire\u00a0 les animaux sur les zones naturelles,tout en adressant les probl\u00e8mes d&rsquo;approvisionnement en eau.<\/p>\n<p><\/p>\n<p><\/p>\n<p><strong>Le D\u00e9fi du Logement :<\/strong><\/p>\n<p><\/p>\n<p><\/p>\n<p>La question du logement est aigu\u00eb sur l&rsquo;\u00eele, avec des terrains hors de prix et des baux pr\u00e9caires. Toutefois, des initiatives, notamment via le Plan Relance, apportent des subventions pour aider les locaux \u00e0 se loger. Les agriculteurs b\u00e9n\u00e9ficient de certaines exceptions pour construire sur leurs terres, sous r\u00e9serve de respecter des crit\u00e8res stricts.<\/p>\n<p><\/p>\n<p><\/p>\n<p><strong>L&rsquo;\u00cele d&rsquo;Yeu dans 10 Ans :\u00a0<\/strong><\/p>\n<p><\/p>\n<p><\/p>\n<p>Le Plan Local d&rsquo;Urbanisme sera d\u00e9terminant pour l&rsquo;avenir de l&rsquo;\u00eele, en favorisant la protection des Espaces Naturels Sensibles. Cependant, maintenir une population stable et diversifi\u00e9e demeure un d\u00e9fi, tout comme pr\u00e9server les activit\u00e9s locales face \u00e0 la mont\u00e9e des grandes entreprises et des r\u00e9sidences secondaires.<\/p>\n<p><\/p>\n<p><\/p>\n<p><strong>Les Avantages et Inconv\u00e9nients de l&rsquo;\u00cele :\u00a0<\/strong><\/p>\n<p><\/p>\n<p><\/p>\n<p>L&rsquo;\u00eele offre une proximit\u00e9 unique avec sa population, mais souffre de flux saisonniers prononc\u00e9s, affectant son \u00e9conomie et son \u00e9quilibre social.<\/p>\n<p><\/p>\n<p><\/p>\n<p><strong>Le Parc \u00c9olien et le R\u00e9seau Agricole :<\/strong><\/p>\n<p><\/p>\n<p><\/p>\n<p>Si le parc \u00e9olien apporte une \u00e9nergie renouvelable, il suscite \u00e9galement des pr\u00e9occupations paysag\u00e8res et environnementales. Le R\u00e9seau Agricole des \u00eeles de l\u2019Atlantique, notamment \u00e0 travers des \u00e9v\u00e9nements comme le festival \u201cLes Insulaires\u201d, favorise les \u00e9changes et la coop\u00e9ration entre les \u00eeles, renfor\u00e7ant ainsi la solidarit\u00e9 insulaire.<\/p>\n<p><\/p>\n<p><\/p>\n<p><strong>Conclusion :\u00a0<\/strong><\/p>\n<p><\/p>\n<p><\/p>\n<p>L&rsquo;\u00eele d&rsquo;Yeu fait face \u00e0 des d\u00e9fis multiples, mais elle regorge \u00e9galement de ressources et d&rsquo;initiatives porteuses d&rsquo;espoir. En investissant dans une agriculture locale et durable, en pr\u00e9servant son identit\u00e9 tout en s&rsquo;adaptant aux changements, elle peut construire un avenir florissant et r\u00e9silient pour les g\u00e9n\u00e9rations \u00e0 venir.<\/p>\n<p>\u00a0<\/p>\n<p><span style=\"color: #999999;\">Christopher, Brian<\/span><\/p>\n<p><\/p>\t\t\t\t\t\t\t\t<\/div>\n\t\t\t\t<\/div>\n\t\t\t\t\t<\/div>\n\t\t\t\t<\/div>\n\t\t<div class=\"elementor-element elementor-element-6d35837 e-flex e-con-boxed e-con e-parent\" data-id=\"6d35837\" data-element_type=\"container\">\n\t\t\t\t\t<div class=\"e-con-inner\">\n\t\t\t\t<div class=\"elementor-element elementor-element-6d6f254 elementor-widget elementor-widget-foogallery\" data-id=\"6d6f254\" data-element_type=\"widget\" data-widget_type=\"foogallery.default\">\n\t\t\t\t<div class=\"elementor-widget-container\">\n\t\t\t\t\t<div class=\"foogallery foogallery-container foogallery-carousel foogallery-lightbox-foogallery fg-carousel fg-light fg-border-thin fg-shadow-outline fg-loading-default fg-loaded-fade-in fg-caption-hover fg-hover-fade fg-hover-zoom fg-ready\" id=\"foogallery-gallery-425\" data-foogallery=\"{&quot;item&quot;:{&quot;showCaptionTitle&quot;:true,&quot;showCaptionDescription&quot;:true},&quot;lazy&quot;:true,&quot;template&quot;:{&quot;maxItems&quot;:5,&quot;scale&quot;:0.12,&quot;gutter&quot;:{&quot;min&quot;:-40,&quot;max&quot;:-20,&quot;unit&quot;:&quot;%&quot;},&quot;autoplay&quot;:{&quot;time&quot;:3,&quot;interaction&quot;:&quot;pause&quot;},&quot;centerOnClick&quot;:true}}\" data-foogallery-lightbox=\"{&quot;thumbs&quot;:&quot;bottom&quot;,&quot;thumbsCaptions&quot;:false,&quot;thumbsBestFit&quot;:false,&quot;thumbsSmall&quot;:false,&quot;thumbsCaptionsAlign&quot;:&quot;default&quot;,&quot;info&quot;:&quot;bottom&quot;,&quot;infoVisible&quot;:true,&quot;infoOverlay&quot;:true,&quot;infoAlign&quot;:&quot;default&quot;,&quot;transition&quot;:&quot;fade&quot;,&quot;hoverButtons&quot;:false,&quot;fitMedia&quot;:false,&quot;noScrollbars&quot;:true,&quot;preserveButtonSpace&quot;:true,&quot;buttons&quot;:{&quot;fullscreen&quot;:true,&quot;info&quot;:true,&quot;thumbs&quot;:false},&quot;video&quot;:{&quot;autoPlay&quot;:true}}\" >\r\n\t<button type=\"button\" class=\"fg-carousel-prev\"><\/button>\r\n\t<div class=\"fg-carousel-inner\">\r\n\t\t<div class=\"fg-carousel-center\"><\/div>\r\n\t\t\t<\/div>\r\n\t<div class=\"fg-carousel-bottom\"><\/div>\r\n\t<div class=\"fg-carousel-progress\"><\/div>\r\n\t<button type=\"button\" class=\"fg-carousel-next\"><\/button>\r\n<\/div>\t\t\t\t<\/div>\n\t\t\t\t<\/div>\n\t\t\t\t\t<\/div>\n\t\t\t\t<\/div>\n\t\t\t\t<\/div>\n\t\t","protected":false},"excerpt":{"rendered":"<p>L&rsquo;agriculture sur l&rsquo;\u00eele Investir dans l&rsquo;Avenir de l&rsquo;Agriculture sur l&rsquo;\u00cele d&rsquo;Yeu : \u00a0 Depuis trois ans, Monsieur Arthur Bouyer se d\u00e9die en tant que charg\u00e9 de mission au sein du Comit\u00e9 de D\u00e9veloppement de l\u2019Agriculture de l\u2019\u00eele d\u2019Yeu. Avec une Licence en g\u00e9ographie et d&rsquo;un Master 2 sp\u00e9cialis\u00e9 dans l\u2019am\u00e9nagement du territoire, il \u0153uvre pour [&hellip;]<\/p>\n","protected":false},"author":8,"featured_media":0,"comment_status":"closed","ping_status":"open","sticky":false,"template":"","format":"standard","meta":{"saved_in_kubio":false,"footnotes":""},"categories":[1],"tags":[],"class_list":["post-366","post","type-post","status-publish","format-standard","hentry","category-territoires"],"_links":{"self":[{"href":"https:\/\/milter2024.lyceebelair.fr\/index.php?rest_route=\/wp\/v2\/posts\/366","targetHints":{"allow":["GET"]}}],"collection":[{"href":"https:\/\/milter2024.lyceebelair.fr\/index.php?rest_route=\/wp\/v2\/posts"}],"about":[{"href":"https:\/\/milter2024.lyceebelair.fr\/index.php?rest_route=\/wp\/v2\/types\/post"}],"author":[{"embeddable":true,"href":"https:\/\/milter2024.lyceebelair.fr\/index.php?rest_route=\/wp\/v2\/users\/8"}],"replies":[{"embeddable":true,"href":"https:\/\/milter2024.lyceebelair.fr\/index.php?rest_route=%2Fwp%2Fv2%2Fcomments&post=366"}],"version-history":[{"count":18,"href":"https:\/\/milter2024.lyceebelair.fr\/index.php?rest_route=\/wp\/v2\/posts\/366\/revisions"}],"predecessor-version":[{"id":588,"href":"https:\/\/milter2024.lyceebelair.fr\/index.php?rest_route=\/wp\/v2\/posts\/366\/revisions\/588"}],"wp:attachment":[{"href":"https:\/\/milter2024.lyceebelair.fr\/index.php?rest_route=%2Fwp%2Fv2%2Fmedia&parent=366"}],"wp:term":[{"taxonomy":"category","embeddable":true,"href":"https:\/\/milter2024.lyceebelair.fr\/index.php?rest_route=%2Fwp%2Fv2%2Fcategories&post=366"},{"taxonomy":"post_tag","embeddable":true,"href":"https:\/\/milter2024.lyceebelair.fr\/index.php?rest_route=%2Fwp%2Fv2%2Ftags&post=366"}],"curies":[{"name":"wp","href":"https:\/\/api.w.org\/{rel}","templated":true}]}}