{"id":359,"date":"2024-02-15T11:57:24","date_gmt":"2024-02-15T10:57:24","guid":{"rendered":"https:\/\/www.milter2024.lyceebelair.fr\/?p=359"},"modified":"2024-05-22T09:33:46","modified_gmt":"2024-05-22T07:33:46","slug":"les-phares-de-lile-dyeu","status":"publish","type":"post","link":"https:\/\/milter2024.lyceebelair.fr\/?p=359","title":{"rendered":"Les phares de l&rsquo;\u00eele d&rsquo;Yeu"},"content":{"rendered":"\t\t<div data-elementor-type=\"wp-post\" data-elementor-id=\"359\" class=\"elementor elementor-359\">\n\t\t\t\t<div class=\"elementor-element elementor-element-95be7b5 e-flex e-con-boxed e-con e-parent\" data-id=\"95be7b5\" data-element_type=\"container\">\n\t\t\t\t\t<div class=\"e-con-inner\">\n\t\t\t\t<div class=\"elementor-element elementor-element-29420fd elementor-widget elementor-widget-heading\" data-id=\"29420fd\" data-element_type=\"widget\" data-widget_type=\"heading.default\">\n\t\t\t\t<div class=\"elementor-widget-container\">\n\t\t\t\t\t<h2 class=\"elementor-heading-title elementor-size-default\">Les phares de l'\u00eele d'Yeu<\/h2>\t\t\t\t<\/div>\n\t\t\t\t<\/div>\n\t\t\t\t\t<\/div>\n\t\t\t\t<\/div>\n\t\t<div class=\"elementor-element elementor-element-b852340 e-flex e-con-boxed e-con e-parent\" data-id=\"b852340\" data-element_type=\"container\">\n\t\t\t\t\t<div class=\"e-con-inner\">\n\t\t\t\t<div class=\"elementor-element elementor-element-c23aba8 elementor-widget elementor-widget-text-editor\" data-id=\"c23aba8\" data-element_type=\"widget\" data-widget_type=\"text-editor.default\">\n\t\t\t\t<div class=\"elementor-widget-container\">\n\t\t\t\t\t\t\t\t\t<p>L&rsquo;\u00eele d&rsquo;Yeu, situ\u00e9e au large des c\u00f4tes vend\u00e9ennes de l&rsquo;Atlantique, est c\u00e9l\u00e8bre pour son paysage maritime spectaculaire et son riche patrimoine historique. Parmi ses tr\u00e9sors les plus embl\u00e9matiques se trouvent ses phares majestueux, qui depuis des d\u00e9cennies, guident les marins \u00e0 travers les eaux parfois tumultueuses de l&rsquo;oc\u00e9an.<\/p>\t\t\t\t\t\t\t\t<\/div>\n\t\t\t\t<\/div>\n\t\t\t\t\t<\/div>\n\t\t\t\t<\/div>\n\t\t<div class=\"elementor-element elementor-element-04cb8b3 e-flex e-con-boxed e-con e-parent\" data-id=\"04cb8b3\" data-element_type=\"container\">\n\t\t\t\t\t<div class=\"e-con-inner\">\n\t\t<div class=\"elementor-element elementor-element-1ed6dbd e-con-full e-flex e-con e-child\" data-id=\"1ed6dbd\" data-element_type=\"container\">\n\t\t\t\t<div class=\"elementor-element elementor-element-2e99f91 elementor-widget elementor-widget-text-editor\" data-id=\"2e99f91\" data-element_type=\"widget\" data-widget_type=\"text-editor.default\">\n\t\t\t\t<div class=\"elementor-widget-container\">\n\t\t\t\t\t\t\t\t\t<p><u><b><i>Phare de la pointe des Corbeaux<\/i><\/b><\/u><\/p><p>Le premier phare, \u00e9rig\u00e9 en 1866, \u00e9tait une tour en pierre de taille de 18 m\u00e8tres de hauteur. Sa lumi\u00e8re, aliment\u00e9e par une lampe \u00e0 huile, guidait les navires dans les eaux dangereuses entourant l&rsquo;\u00eele.<\/p><p>\u00a0<\/p>\t\t\t\t\t\t\t\t<\/div>\n\t\t\t\t<\/div>\n\t\t\t\t<\/div>\n\t\t<div class=\"elementor-element elementor-element-3d2ce1a e-con-full e-flex e-con e-child\" data-id=\"3d2ce1a\" data-element_type=\"container\">\n\t\t\t\t<div class=\"elementor-element elementor-element-4d7c394 elementor-widget elementor-widget-image\" data-id=\"4d7c394\" data-element_type=\"widget\" data-widget_type=\"image.default\">\n\t\t\t\t<div class=\"elementor-widget-container\">\n\t\t\t\t\t\t\t\t\t\t\t\t\t\t\t<img fetchpriority=\"high\" decoding=\"async\" width=\"827\" height=\"1024\" src=\"https:\/\/milter2024.lyceebelair.fr\/wp-content\/uploads\/2024\/02\/phare-des-corbeaux-e1708589285617-827x1024.jpg\" class=\"attachment-large size-large wp-image-482\" alt=\"\" srcset=\"https:\/\/milter2024.lyceebelair.fr\/wp-content\/uploads\/2024\/02\/phare-des-corbeaux-e1708589285617-827x1024.jpg 827w, https:\/\/milter2024.lyceebelair.fr\/wp-content\/uploads\/2024\/02\/phare-des-corbeaux-e1708589285617-242x300.jpg 242w, https:\/\/milter2024.lyceebelair.fr\/wp-content\/uploads\/2024\/02\/phare-des-corbeaux-e1708589285617-768x950.jpg 768w, https:\/\/milter2024.lyceebelair.fr\/wp-content\/uploads\/2024\/02\/phare-des-corbeaux-e1708589285617-873x1080.jpg 873w, https:\/\/milter2024.lyceebelair.fr\/wp-content\/uploads\/2024\/02\/phare-des-corbeaux-e1708589285617.jpg 1200w\" sizes=\"(max-width: 827px) 100vw, 827px\" \/>\t\t\t\t\t\t\t\t\t\t\t\t\t\t\t<\/div>\n\t\t\t\t<\/div>\n\t\t\t\t<\/div>\n\t\t\t\t\t<\/div>\n\t\t\t\t<\/div>\n\t\t<div class=\"elementor-element elementor-element-46fc25d e-flex e-con-boxed e-con e-parent\" data-id=\"46fc25d\" data-element_type=\"container\">\n\t\t\t\t\t<div class=\"e-con-inner\">\n\t\t\t\t<div class=\"elementor-element elementor-element-67c90d6 elementor-widget elementor-widget-text-editor\" data-id=\"67c90d6\" data-element_type=\"widget\" data-widget_type=\"text-editor.default\">\n\t\t\t\t<div class=\"elementor-widget-container\">\n\t\t\t\t\t\t\t\t\t<p>Mis en service en 1868, Le phare des Corbeaux se trouve \u00e0 l&rsquo;extr\u00e9mit\u00e9 sud-est de l&rsquo;\u00eele. Il a \u00e9t\u00e9 d\u00e9truit par l&rsquo;occupant \u00e0 l&rsquo;issue de la seconde guerre. Un nouveau phare, correspondant au phare actuel est construit dans les ann\u00e9es cinquante selon une architecture Art d\u00e9co.<\/p>\t\t\t\t\t\t\t\t<\/div>\n\t\t\t\t<\/div>\n\t\t\t\t\t<\/div>\n\t\t\t\t<\/div>\n\t\t<div class=\"elementor-element elementor-element-bae0734 e-flex e-con-boxed e-con e-parent\" data-id=\"bae0734\" data-element_type=\"container\">\n\t\t\t\t\t<div class=\"e-con-inner\">\n\t\t<div class=\"elementor-element elementor-element-41304cb e-con-full e-flex e-con e-child\" data-id=\"41304cb\" data-element_type=\"container\">\n\t\t\t\t<div class=\"elementor-element elementor-element-ba5958c elementor-widget elementor-widget-image\" data-id=\"ba5958c\" data-element_type=\"widget\" data-widget_type=\"image.default\">\n\t\t\t\t<div class=\"elementor-widget-container\">\n\t\t\t\t\t\t\t\t\t\t\t\t\t\t\t<img decoding=\"async\" width=\"194\" height=\"259\" src=\"https:\/\/milter2024.lyceebelair.fr\/wp-content\/uploads\/2024\/02\/grand-phare.jpg\" class=\"attachment-large size-large wp-image-481\" alt=\"\" \/>\t\t\t\t\t\t\t\t\t\t\t\t\t\t\t<\/div>\n\t\t\t\t<\/div>\n\t\t\t\t<\/div>\n\t\t<div class=\"elementor-element elementor-element-63399ef e-con-full e-flex e-con e-child\" data-id=\"63399ef\" data-element_type=\"container\">\n\t\t\t\t<div class=\"elementor-element elementor-element-62241c6 elementor-widget elementor-widget-text-editor\" data-id=\"62241c6\" data-element_type=\"widget\" data-widget_type=\"text-editor.default\">\n\t\t\t\t<div class=\"elementor-widget-container\">\n\t\t\t\t\t\t\t\t\t<p><span style=\"text-decoration: underline;\"><strong><em>Phare de la Petite Foule ou Grand Phare<br \/><\/em><\/strong><\/span><\/p><p>Sur la route de l&rsquo;a\u00e9rodrome \u00e0 Ker Gigou, au nord-ouest de l&rsquo;\u00eele, \u00e0 environ 3km de Port-Joinville. Malgr\u00e9 les nombreux naufrages et les demandes r\u00e9it\u00e9r\u00e9es de la communaut\u00e9 maritime, ce n&rsquo;est qu&rsquo;en 1929, suite au naufrage d&rsquo;une gabarre de la Marinee Royale, que les pouvoirs publics ont mis en \u0153uvre la construction d&rsquo;un phare \u00e0 huile de 29m de haut sur l&#8217;emplacement d&rsquo;un ensemble m\u00e9galithique d\u00e9nomm\u00e9 Petite Foule.<\/p>\t\t\t\t\t\t\t\t<\/div>\n\t\t\t\t<\/div>\n\t\t\t\t<\/div>\n\t\t\t\t\t<\/div>\n\t\t\t\t<\/div>\n\t\t<div class=\"elementor-element elementor-element-d53f4d2 e-flex e-con-boxed e-con e-parent\" data-id=\"d53f4d2\" data-element_type=\"container\">\n\t\t\t\t\t<div class=\"e-con-inner\">\n\t\t\t\t<div class=\"elementor-element elementor-element-d7f7140 elementor-widget elementor-widget-text-editor\" data-id=\"d7f7140\" data-element_type=\"widget\" data-widget_type=\"text-editor.default\">\n\t\t\t\t<div class=\"elementor-widget-container\">\n\t\t\t\t\t\t\t\t\t<p>D\u00e9truit en ao\u00fbt 1944, il a \u00e9t\u00e9 remplac\u00e9 d\u00e8s 1951 par un nouveau phare aux lignes modernes afin de s\u00e9curiser la navigation au Sud de la Loire. Haut de 41m, ce phare domine de 56m la hauteur mer et porte son \u00e9clat blanc jusqu&rsquo;\u00e0 30 miles. Le phare est automatis\u00e9 depuis 1980 et t\u00e9l\u00e9-contr\u00f4le le phare de la pointe des Corbeaux. <\/p>\t\t\t\t\t\t\t\t<\/div>\n\t\t\t\t<\/div>\n\t\t\t\t\t<\/div>\n\t\t\t\t<\/div>\n\t\t<div class=\"elementor-element elementor-element-17e58ff e-flex e-con-boxed e-con e-parent\" data-id=\"17e58ff\" data-element_type=\"container\">\n\t\t\t\t\t<div class=\"e-con-inner\">\n\t\t<div class=\"elementor-element elementor-element-d032622 e-con-full e-flex e-con e-child\" data-id=\"d032622\" data-element_type=\"container\">\n\t\t\t\t<div class=\"elementor-element elementor-element-7905dfb elementor-widget elementor-widget-text-editor\" data-id=\"7905dfb\" data-element_type=\"widget\" data-widget_type=\"text-editor.default\">\n\t\t\t\t<div class=\"elementor-widget-container\">\n\t\t\t\t\t\t\t\t\t<p><span style=\"text-decoration: underline;\"><em><strong>Le phare des Mari\u00e9s<\/strong><\/em><\/span><\/p><p>Il fut construit au XX\u00e8me si\u00e8cle selon les plans de l&rsquo;ing\u00e9nieur Decharme. Aujourd&rsquo;hui d\u00e9saffect\u00e9, il est occup\u00e9 par l&rsquo;association du Club des Plaisanciers. Il ouvre ses portes chaque ann\u00e9e \u00e0 l&rsquo;association des journ\u00e9es du Patrimoine.<\/p>\t\t\t\t\t\t\t\t<\/div>\n\t\t\t\t<\/div>\n\t\t\t\t<\/div>\n\t\t<div class=\"elementor-element elementor-element-9f92c57 e-con-full e-flex e-con e-child\" data-id=\"9f92c57\" data-element_type=\"container\">\n\t\t\t\t<div class=\"elementor-element elementor-element-ba06671 elementor-widget elementor-widget-image\" data-id=\"ba06671\" data-element_type=\"widget\" data-widget_type=\"image.default\">\n\t\t\t\t<div class=\"elementor-widget-container\">\n\t\t\t\t\t\t\t\t\t\t\t\t\t\t\t<img decoding=\"async\" width=\"1024\" height=\"576\" src=\"https:\/\/milter2024.lyceebelair.fr\/wp-content\/uploads\/2024\/02\/phare-des-mariees-1024x576.jpg\" class=\"attachment-large size-large wp-image-483\" alt=\"\" srcset=\"https:\/\/milter2024.lyceebelair.fr\/wp-content\/uploads\/2024\/02\/phare-des-mariees-1024x576.jpg 1024w, https:\/\/milter2024.lyceebelair.fr\/wp-content\/uploads\/2024\/02\/phare-des-mariees-300x169.jpg 300w, https:\/\/milter2024.lyceebelair.fr\/wp-content\/uploads\/2024\/02\/phare-des-mariees-768x432.jpg 768w, https:\/\/milter2024.lyceebelair.fr\/wp-content\/uploads\/2024\/02\/phare-des-mariees-1536x864.jpg 1536w, https:\/\/milter2024.lyceebelair.fr\/wp-content\/uploads\/2024\/02\/phare-des-mariees.jpg 1920w\" sizes=\"(max-width: 1024px) 100vw, 1024px\" \/>\t\t\t\t\t\t\t\t\t\t\t\t\t\t\t<\/div>\n\t\t\t\t<\/div>\n\t\t\t\t<\/div>\n\t\t\t\t\t<\/div>\n\t\t\t\t<\/div>\n\t\t<div class=\"elementor-element elementor-element-8215765 e-flex e-con-boxed e-con e-parent\" data-id=\"8215765\" data-element_type=\"container\">\n\t\t\t\t\t<div class=\"e-con-inner\">\n\t\t\t\t<div class=\"elementor-element elementor-element-466ff47 elementor-widget elementor-widget-text-editor\" data-id=\"466ff47\" data-element_type=\"widget\" data-widget_type=\"text-editor.default\">\n\t\t\t\t<div class=\"elementor-widget-container\">\n\t\t\t\t\t\t\t\t\t<p>Les phares de l&rsquo;\u00eele d&rsquo;Yeu ne sont pas seulement des sentinelles de s\u00e9curit\u00e9, mais aussi des t\u00e9moins silencieux de l&rsquo;histoire maritime de la r\u00e9gion. Chaque ann\u00e9e, des milliers de visiteurs viennent admirer ces structures embl\u00e9matiques, d\u00e9couvrant l&rsquo;h\u00e9ritage maritime de l&rsquo;\u00eele \u00e0 travers des visites guid\u00e9es et des expositions interactives. Ces phares ne sont pas seulement des monuments historiques, mais aussi des destinations touristiques incontournables pour tous ceux qui souhaitent explorer la beaut\u00e9 sauvage de l&rsquo;\u00eele d&rsquo;Yeu.<\/p><p>\u00a0<\/p><p>Drapeau Lucas<\/p>\t\t\t\t\t\t\t\t<\/div>\n\t\t\t\t<\/div>\n\t\t\t\t\t<\/div>\n\t\t\t\t<\/div>\n\t\t\t\t<\/div>\n\t\t","protected":false},"excerpt":{"rendered":"<p>Les phares de l&rsquo;\u00eele d&rsquo;Yeu L&rsquo;\u00eele d&rsquo;Yeu, situ\u00e9e au large des c\u00f4tes vend\u00e9ennes de l&rsquo;Atlantique, est c\u00e9l\u00e8bre pour son paysage maritime spectaculaire et son riche patrimoine historique. Parmi ses tr\u00e9sors les plus embl\u00e9matiques se trouvent ses phares majestueux, qui depuis des d\u00e9cennies, guident les marins \u00e0 travers les eaux parfois tumultueuses de l&rsquo;oc\u00e9an. Phare de [&hellip;]<\/p>\n","protected":false},"author":4,"featured_media":0,"comment_status":"closed","ping_status":"open","sticky":false,"template":"","format":"standard","meta":{"saved_in_kubio":false,"footnotes":""},"categories":[1],"tags":[],"class_list":["post-359","post","type-post","status-publish","format-standard","hentry","category-territoires"],"_links":{"self":[{"href":"https:\/\/milter2024.lyceebelair.fr\/index.php?rest_route=\/wp\/v2\/posts\/359","targetHints":{"allow":["GET"]}}],"collection":[{"href":"https:\/\/milter2024.lyceebelair.fr\/index.php?rest_route=\/wp\/v2\/posts"}],"about":[{"href":"https:\/\/milter2024.lyceebelair.fr\/index.php?rest_route=\/wp\/v2\/types\/post"}],"author":[{"embeddable":true,"href":"https:\/\/milter2024.lyceebelair.fr\/index.php?rest_route=\/wp\/v2\/users\/4"}],"replies":[{"embeddable":true,"href":"https:\/\/milter2024.lyceebelair.fr\/index.php?rest_route=%2Fwp%2Fv2%2Fcomments&post=359"}],"version-history":[{"count":47,"href":"https:\/\/milter2024.lyceebelair.fr\/index.php?rest_route=\/wp\/v2\/posts\/359\/revisions"}],"predecessor-version":[{"id":630,"href":"https:\/\/milter2024.lyceebelair.fr\/index.php?rest_route=\/wp\/v2\/posts\/359\/revisions\/630"}],"wp:attachment":[{"href":"https:\/\/milter2024.lyceebelair.fr\/index.php?rest_route=%2Fwp%2Fv2%2Fmedia&parent=359"}],"wp:term":[{"taxonomy":"category","embeddable":true,"href":"https:\/\/milter2024.lyceebelair.fr\/index.php?rest_route=%2Fwp%2Fv2%2Fcategories&post=359"},{"taxonomy":"post_tag","embeddable":true,"href":"https:\/\/milter2024.lyceebelair.fr\/index.php?rest_route=%2Fwp%2Fv2%2Ftags&post=359"}],"curies":[{"name":"wp","href":"https:\/\/api.w.org\/{rel}","templated":true}]}}