{"id":341,"date":"2024-02-15T10:00:08","date_gmt":"2024-02-15T09:00:08","guid":{"rendered":"https:\/\/www.milter2024.lyceebelair.fr\/?p=341"},"modified":"2024-05-22T08:51:49","modified_gmt":"2024-05-22T06:51:49","slug":"elementor-341","status":"publish","type":"post","link":"https:\/\/milter2024.lyceebelair.fr\/?p=341","title":{"rendered":"Table ronde environnement"},"content":{"rendered":"\t\t<div data-elementor-type=\"wp-post\" data-elementor-id=\"341\" class=\"elementor elementor-341\">\n\t\t\t\t<div class=\"elementor-element elementor-element-1be972c e-flex e-con-boxed e-con e-parent\" data-id=\"1be972c\" data-element_type=\"container\">\n\t\t\t\t\t<div class=\"e-con-inner\">\n\t\t\t\t<div class=\"elementor-element elementor-element-b472fab elementor-widget elementor-widget-heading\" data-id=\"b472fab\" data-element_type=\"widget\" data-widget_type=\"heading.default\">\n\t\t\t\t<div class=\"elementor-widget-container\">\n\t\t\t\t\t<h2 class=\"elementor-heading-title elementor-size-default\">Table ronde sur l'aspect environnemental<\/h2>\t\t\t\t<\/div>\n\t\t\t\t<\/div>\n\t\t\t\t\t<\/div>\n\t\t\t\t<\/div>\n\t\t<div class=\"elementor-element elementor-element-419f7db e-flex e-con-boxed e-con e-parent\" data-id=\"419f7db\" data-element_type=\"container\">\n\t\t\t\t\t<div class=\"e-con-inner\">\n\t\t\t\t<div class=\"elementor-element elementor-element-c0fb2b6 elementor-widget elementor-widget-text-editor\" data-id=\"c0fb2b6\" data-element_type=\"widget\" data-widget_type=\"text-editor.default\">\n\t\t\t\t<div class=\"elementor-widget-container\">\n\t\t\t\t\t\t\t\t\t<p dir=\"ltr\" style=\"line-height:1.38;text-align: justify;margin-top:0pt;margin-bottom:0pt;\" id=\"docs-internal-guid-a216a026-7fff-2cb2-a87b-10563f7ff71a\"><span style=\"font-size:11pt;font-family:Arial,sans-serif;color:#000000;background-color:transparent;font-weight:400;font-style:italic;font-variant:normal;text-decoration:none;vertical-align:baseline;white-space:pre;white-space:pre-wrap;\">Les \u00e9tudiants de BTSA DATR en deuxi\u00e8me ann\u00e9e ont rencontr\u00e9 plusieurs actrices de l\u2019environnement dans le cadre de leur voyage d\u2019\u00e9tude. Ils en ont appris plus sur la gestion des d\u00e9chets, le sur-tourisme et les espaces naturels \u00e0 prot\u00e9ger.&nbsp;<\/span><\/p><br><p dir=\"ltr\" style=\"line-height:1.656;text-align: justify;margin-top:12pt;margin-bottom:0pt;\"><span style=\"font-size:11pt;font-family:Arial,sans-serif;color:#000000;background-color:transparent;font-weight:400;font-style:normal;font-variant:normal;text-decoration:none;vertical-align:baseline;white-space:pre;white-space:pre-wrap;\">Le mercredi 7 f\u00e9vrier au matin nous nous sommes entretenus avec des acteurs de l\u2019environnement. Une table ronde a \u00e9t\u00e9 organis\u00e9e par les \u00e9l\u00e8ves pour discuter de l\u2019aspect environnement de notre probl\u00e9matique. Celle-ci \u00e9tant : Comment l\u2019\u00eele peut-elle concilier la pr\u00e9servation de son environnement naturel avec le d\u00e9veloppement touristique et les besoins de sa population locale ?<\/span><span style=\"font-size:11pt;font-family:Arial,sans-serif;color:#000000;background-color:transparent;font-weight:400;font-style:normal;font-variant:normal;text-decoration:none;vertical-align:baseline;white-space:pre;white-space:pre-wrap;\"><br><br><\/span><\/p><p dir=\"ltr\" style=\"line-height:1.656;text-align: justify;margin-top:12pt;margin-bottom:0pt;\"><span style=\"font-size:11pt;font-family:Arial,sans-serif;color:#000000;background-color:transparent;font-weight:400;font-style:normal;font-variant:normal;text-decoration:none;vertical-align:baseline;white-space:pre;white-space:pre-wrap;\">A cette r\u00e9union \u00e9taient pr\u00e9sentes : V\u00e9ronique Bouteau en charge de l\u2019environnement et plus pr\u00e9cis\u00e9ment gestion des d\u00e9chets, Natura 2000 et espaces sensibles ; Isabelle Cadou, adjointe au maire qui travaille sur l\u2019aspect d\u00e9chets ; Val\u00e9rie Auriaux,&nbsp; conseill\u00e8re environnement et espaces naturels et \u00e9lue; Capucine Bureau, charg\u00e9e de missions dans l\u2019environnement actuellement et B\u00e9atrice Chauvitaux, directrice g\u00e9n\u00e9rale des services.<\/span><\/p><p dir=\"ltr\" style=\"line-height:1.656;text-align: justify;margin-top:12pt;margin-bottom:0pt;\"><span style=\"font-size:11pt;font-family:Arial,sans-serif;color:#000000;background-color:transparent;font-weight:400;font-style:normal;font-variant:normal;text-decoration:none;vertical-align:baseline;white-space:pre;white-space:pre-wrap;\">Cette table ronde nous a permis d\u2019en apprendre plus sur le canton de l\u2019\u00eele d\u2019Yeu. Il a \u00e9t\u00e9 \u00e9voqu\u00e9 le sujet du sur-tourisme qui impact beaucoup la vie de l\u2019\u00eele lors de la haute saison. Nous avons aussi discut\u00e9 de la gestion des d\u00e9chets sur l\u2019\u00eele. En effet, 6000 tonnes de d\u00e9chets sont export\u00e9s sur le continent.&nbsp;<\/span><\/p><p dir=\"ltr\" style=\"line-height:1.656;text-align: justify;margin-top:12pt;margin-bottom:0pt;\"><span style=\"font-size:11pt;font-family:Arial,sans-serif;color:#000000;background-color:transparent;font-weight:400;font-style:normal;font-variant:normal;text-decoration:none;vertical-align:baseline;white-space:pre;white-space:pre-wrap;\">La r\u00e9union nous a permis \u00e9galement d\u2019en d\u00e9couvrir plus sur les espaces Natura 2000. L\u2019\u00eele a un patrimoine naturel qu\u2019il faut prot\u00e9ger. Effectivement, toute la c\u00f4te sauvage est une zone \u00e0 conserver le plus possible du tourisme et des habitants locaux.&nbsp;<\/span><\/p>\t\t\t\t\t\t\t\t<\/div>\n\t\t\t\t<\/div>\n\t\t\t\t\t<\/div>\n\t\t\t\t<\/div>\n\t\t<div class=\"elementor-element elementor-element-d58b85b e-flex e-con-boxed e-con e-parent\" data-id=\"d58b85b\" data-element_type=\"container\">\n\t\t\t\t\t<div class=\"e-con-inner\">\n\t\t\t\t<div class=\"elementor-element elementor-element-4e8b294 elementor-widget elementor-widget-foogallery\" data-id=\"4e8b294\" data-element_type=\"widget\" data-widget_type=\"foogallery.default\">\n\t\t\t\t<div class=\"elementor-widget-container\">\n\t\t\t\t\t<div class=\"foogallery foogallery-container foogallery-carousel foogallery-lightbox-foogallery fg-carousel fg-light fg-border-thin fg-shadow-outline fg-loading-default fg-loaded-fade-in fg-caption-hover fg-hover-fade fg-hover-zoom fg-ready\" id=\"foogallery-gallery-468\" data-foogallery=\"{&quot;item&quot;:{&quot;showCaptionTitle&quot;:true,&quot;showCaptionDescription&quot;:true},&quot;lazy&quot;:true,&quot;template&quot;:{&quot;maxItems&quot;:5,&quot;scale&quot;:0.12,&quot;gutter&quot;:{&quot;min&quot;:-40,&quot;max&quot;:-20,&quot;unit&quot;:&quot;%&quot;},&quot;autoplay&quot;:{&quot;time&quot;:3,&quot;interaction&quot;:&quot;pause&quot;},&quot;centerOnClick&quot;:true}}\" data-foogallery-lightbox=\"{&quot;thumbs&quot;:&quot;bottom&quot;,&quot;thumbsCaptions&quot;:false,&quot;thumbsBestFit&quot;:false,&quot;thumbsSmall&quot;:false,&quot;thumbsCaptionsAlign&quot;:&quot;default&quot;,&quot;info&quot;:&quot;bottom&quot;,&quot;infoVisible&quot;:true,&quot;infoOverlay&quot;:true,&quot;infoAlign&quot;:&quot;default&quot;,&quot;transition&quot;:&quot;fade&quot;,&quot;hoverButtons&quot;:false,&quot;fitMedia&quot;:false,&quot;noScrollbars&quot;:true,&quot;preserveButtonSpace&quot;:true,&quot;buttons&quot;:{&quot;fullscreen&quot;:true,&quot;info&quot;:true,&quot;thumbs&quot;:false},&quot;video&quot;:{&quot;autoPlay&quot;:true}}\" >\r\n\t<button type=\"button\" class=\"fg-carousel-prev\"><\/button>\r\n\t<div class=\"fg-carousel-inner\">\r\n\t\t<div class=\"fg-carousel-center\"><\/div>\r\n\t\t<div class=\"fg-item fg-type-image fg-idle\"><figure class=\"fg-item-inner\"><a href=\"https:\/\/milter2024.lyceebelair.fr\/wp-content\/uploads\/2024\/02\/Photo-Mil-Ter-Table-ronde-1-e1708588217842.jpg\" data-attachment-id=\"469\" data-type=\"image\" class=\"fg-thumb\"><span class=\"fg-image-wrap\"><img decoding=\"async\" width=\"200\" height=\"200\" class=\"skip-lazy fg-image\" data-src-fg=\"https:\/\/milter2024.lyceebelair.fr\/wp-content\/uploads\/cache\/2024\/02\/Photo-Mil-Ter-Table-ronde-1-e1708588217842\/3141336751.jpg\" src=\"data:image\/svg+xml,%3Csvg%20xmlns%3D%22http%3A%2F%2Fwww.w3.org%2F2000%2Fsvg%22%20width%3D%22200%22%20height%3D%22200%22%20viewBox%3D%220%200%20200%20200%22%3E%3C%2Fsvg%3E\" loading=\"eager\"><\/span><span class=\"fg-image-overlay\"><\/span><\/a><figcaption class=\"fg-caption\"><div class=\"fg-caption-inner\"><\/div><\/figcaption><\/figure><div class=\"fg-loader\"><\/div><\/div><div class=\"fg-item fg-type-image fg-idle\"><figure class=\"fg-item-inner\"><a href=\"https:\/\/milter2024.lyceebelair.fr\/wp-content\/uploads\/2024\/02\/Photo-Mil-Ter-Table-ronde-2.jpg\" data-attachment-id=\"470\" data-type=\"image\" class=\"fg-thumb\"><span class=\"fg-image-wrap\"><img decoding=\"async\" width=\"200\" height=\"200\" class=\"skip-lazy fg-image\" data-src-fg=\"https:\/\/milter2024.lyceebelair.fr\/wp-content\/uploads\/cache\/2024\/02\/Photo-Mil-Ter-Table-ronde-2\/3370058341.jpg\" src=\"data:image\/svg+xml,%3Csvg%20xmlns%3D%22http%3A%2F%2Fwww.w3.org%2F2000%2Fsvg%22%20width%3D%22200%22%20height%3D%22200%22%20viewBox%3D%220%200%20200%20200%22%3E%3C%2Fsvg%3E\" loading=\"eager\"><\/span><span class=\"fg-image-overlay\"><\/span><\/a><figcaption class=\"fg-caption\"><div class=\"fg-caption-inner\"><\/div><\/figcaption><\/figure><div class=\"fg-loader\"><\/div><\/div><div class=\"fg-item fg-type-image fg-idle\"><figure class=\"fg-item-inner\"><a href=\"https:\/\/milter2024.lyceebelair.fr\/wp-content\/uploads\/2024\/02\/Photo-Mil-Ter-Table-ronde-3-e1708588241897.jpg\" data-attachment-id=\"471\" data-type=\"image\" class=\"fg-thumb\"><span class=\"fg-image-wrap\"><img decoding=\"async\" width=\"200\" height=\"200\" class=\"skip-lazy fg-image\" data-src-fg=\"https:\/\/milter2024.lyceebelair.fr\/wp-content\/uploads\/cache\/2024\/02\/Photo-Mil-Ter-Table-ronde-3-e1708588241897\/1500950321.jpg\" src=\"data:image\/svg+xml,%3Csvg%20xmlns%3D%22http%3A%2F%2Fwww.w3.org%2F2000%2Fsvg%22%20width%3D%22200%22%20height%3D%22200%22%20viewBox%3D%220%200%20200%20200%22%3E%3C%2Fsvg%3E\" loading=\"eager\"><\/span><span class=\"fg-image-overlay\"><\/span><\/a><figcaption class=\"fg-caption\"><div class=\"fg-caption-inner\"><\/div><\/figcaption><\/figure><div class=\"fg-loader\"><\/div><\/div><div class=\"fg-item fg-type-image fg-idle\"><figure class=\"fg-item-inner\"><a href=\"https:\/\/milter2024.lyceebelair.fr\/wp-content\/uploads\/2024\/02\/Photo-Mil-Ter-Table-ronde-4.jpg\" data-attachment-id=\"472\" data-type=\"image\" class=\"fg-thumb\"><span class=\"fg-image-wrap\"><img decoding=\"async\" width=\"200\" height=\"200\" class=\"skip-lazy fg-image\" data-src-fg=\"https:\/\/milter2024.lyceebelair.fr\/wp-content\/uploads\/cache\/2024\/02\/Photo-Mil-Ter-Table-ronde-4\/1550333393.jpg\" src=\"data:image\/svg+xml,%3Csvg%20xmlns%3D%22http%3A%2F%2Fwww.w3.org%2F2000%2Fsvg%22%20width%3D%22200%22%20height%3D%22200%22%20viewBox%3D%220%200%20200%20200%22%3E%3C%2Fsvg%3E\" loading=\"eager\"><\/span><span class=\"fg-image-overlay\"><\/span><\/a><figcaption class=\"fg-caption\"><div class=\"fg-caption-inner\"><\/div><\/figcaption><\/figure><div class=\"fg-loader\"><\/div><\/div>\t<\/div>\r\n\t<div class=\"fg-carousel-bottom\"><\/div>\r\n\t<div class=\"fg-carousel-progress\"><\/div>\r\n\t<button type=\"button\" class=\"fg-carousel-next\"><\/button>\r\n<\/div>\t\t\t\t<\/div>\n\t\t\t\t<\/div>\n\t\t\t\t\t<\/div>\n\t\t\t\t<\/div>\n\t\t<div class=\"elementor-element elementor-element-9a2f140 e-flex e-con-boxed e-con e-parent\" data-id=\"9a2f140\" data-element_type=\"container\">\n\t\t\t\t\t<div class=\"e-con-inner\">\n\t\t\t\t<div class=\"elementor-element elementor-element-f7cf29a elementor-widget elementor-widget-text-editor\" data-id=\"f7cf29a\" data-element_type=\"widget\" data-widget_type=\"text-editor.default\">\n\t\t\t\t<div class=\"elementor-widget-container\">\n\t\t\t\t\t\t\t\t\t<p>Malo\u00e9 PROUTEAU, Emilie LE NEZET<\/p>\t\t\t\t\t\t\t\t<\/div>\n\t\t\t\t<\/div>\n\t\t\t\t\t<\/div>\n\t\t\t\t<\/div>\n\t\t\t\t<\/div>\n\t\t","protected":false},"excerpt":{"rendered":"<p>Table ronde sur l&rsquo;aspect environnemental Les \u00e9tudiants de BTSA DATR en deuxi\u00e8me ann\u00e9e ont rencontr\u00e9 plusieurs actrices de l\u2019environnement dans le cadre de leur voyage d\u2019\u00e9tude. Ils en ont appris plus sur la gestion des d\u00e9chets, le sur-tourisme et les espaces naturels \u00e0 prot\u00e9ger.&nbsp; Le mercredi 7 f\u00e9vrier au matin nous nous sommes entretenus avec [&hellip;]<\/p>\n","protected":false},"author":7,"featured_media":0,"comment_status":"closed","ping_status":"open","sticky":false,"template":"","format":"standard","meta":{"saved_in_kubio":false,"footnotes":""},"categories":[1],"tags":[],"class_list":["post-341","post","type-post","status-publish","format-standard","hentry","category-territoires"],"_links":{"self":[{"href":"https:\/\/milter2024.lyceebelair.fr\/index.php?rest_route=\/wp\/v2\/posts\/341","targetHints":{"allow":["GET"]}}],"collection":[{"href":"https:\/\/milter2024.lyceebelair.fr\/index.php?rest_route=\/wp\/v2\/posts"}],"about":[{"href":"https:\/\/milter2024.lyceebelair.fr\/index.php?rest_route=\/wp\/v2\/types\/post"}],"author":[{"embeddable":true,"href":"https:\/\/milter2024.lyceebelair.fr\/index.php?rest_route=\/wp\/v2\/users\/7"}],"replies":[{"embeddable":true,"href":"https:\/\/milter2024.lyceebelair.fr\/index.php?rest_route=%2Fwp%2Fv2%2Fcomments&post=341"}],"version-history":[{"count":14,"href":"https:\/\/milter2024.lyceebelair.fr\/index.php?rest_route=\/wp\/v2\/posts\/341\/revisions"}],"predecessor-version":[{"id":597,"href":"https:\/\/milter2024.lyceebelair.fr\/index.php?rest_route=\/wp\/v2\/posts\/341\/revisions\/597"}],"wp:attachment":[{"href":"https:\/\/milter2024.lyceebelair.fr\/index.php?rest_route=%2Fwp%2Fv2%2Fmedia&parent=341"}],"wp:term":[{"taxonomy":"category","embeddable":true,"href":"https:\/\/milter2024.lyceebelair.fr\/index.php?rest_route=%2Fwp%2Fv2%2Fcategories&post=341"},{"taxonomy":"post_tag","embeddable":true,"href":"https:\/\/milter2024.lyceebelair.fr\/index.php?rest_route=%2Fwp%2Fv2%2Ftags&post=341"}],"curies":[{"name":"wp","href":"https:\/\/api.w.org\/{rel}","templated":true}]}}