{"id":332,"date":"2024-02-15T09:57:10","date_gmt":"2024-02-15T08:57:10","guid":{"rendered":"https:\/\/www.milter2024.lyceebelair.fr\/?p=332"},"modified":"2024-05-22T08:52:34","modified_gmt":"2024-05-22T06:52:34","slug":"elementor-332","status":"publish","type":"post","link":"https:\/\/milter2024.lyceebelair.fr\/?p=332","title":{"rendered":"Visite nature"},"content":{"rendered":"\t\t<div data-elementor-type=\"wp-post\" data-elementor-id=\"332\" class=\"elementor elementor-332\">\n\t\t\t\t<div class=\"elementor-element elementor-element-aee8ce3 e-flex e-con-boxed e-con e-parent\" data-id=\"aee8ce3\" data-element_type=\"container\">\n\t\t\t\t\t<div class=\"e-con-inner\">\n\t\t\t\t<div class=\"elementor-element elementor-element-de9dc7d elementor-widget elementor-widget-heading\" data-id=\"de9dc7d\" data-element_type=\"widget\" data-widget_type=\"heading.default\">\n\t\t\t\t<div class=\"elementor-widget-container\">\n\t\t\t\t\t<h2 class=\"elementor-heading-title elementor-size-default\">A la d\u00e9couverte de la nature sauvage de l\u2019\u00eele d\u2019yeu !<\/h2>\t\t\t\t<\/div>\n\t\t\t\t<\/div>\n\t\t\t\t\t<\/div>\n\t\t\t\t<\/div>\n\t\t<div class=\"elementor-element elementor-element-90b3175 e-flex e-con-boxed e-con e-parent\" data-id=\"90b3175\" data-element_type=\"container\">\n\t\t\t\t\t<div class=\"e-con-inner\">\n\t\t\t\t<div class=\"elementor-element elementor-element-c93c560 elementor-widget elementor-widget-text-editor\" data-id=\"c93c560\" data-element_type=\"widget\" data-widget_type=\"text-editor.default\">\n\t\t\t\t<div class=\"elementor-widget-container\">\n\t\t\t\t\t\t\t\t\t<p dir=\"ltr\" style=\"line-height:1.38;margin-top:0pt;margin-bottom:0pt;\" id=\"docs-internal-guid-ca8b957b-7fff-7e0c-ac85-a0e0bc241026\"><span style=\"font-size:12pt;font-family:Arial,sans-serif;color:#000000;background-color:transparent;font-weight:400;font-style:italic;font-variant:normal;text-decoration:none;vertical-align:baseline;white-space:pre;white-space:pre-wrap;\">Les \u00e9tudiants de BTSA DATR en deuxi\u00e8me ann\u00e9e sont partis \u00e0 la d\u00e9couverte de l\u2019\u00eele d\u2019Yeu dans le cadre de leur voyage d\u2019\u00e9tude. L\u2019animatrice nature Sandrine Desmarest s\u2019est charg\u00e9 de leur apporter des connaissances sur le patrimoine naturel de ce territoire.&nbsp;<\/span><\/p><br><p dir=\"ltr\" style=\"line-height:1.38;text-align: justify;margin-top:0pt;margin-bottom:0pt;\"><span style=\"font-size:12pt;font-family:Arial,sans-serif;color:#000000;background-color:transparent;font-weight:400;font-style:normal;font-variant:normal;text-decoration:none;vertical-align:baseline;white-space:pre;white-space:pre-wrap;\">Le mardi 6 f\u00e9vrier nous avons fait une visite nature de l\u2019\u00eele d\u2019Yeu. C\u2019est Sandrine Desmarest qui nous a fait cette visite. Elle est animatrice nature et anciennement commerciale en r\u00e9gion parisienne. Elle s\u2019est sp\u00e9cialis\u00e9e depuis une vingtaine d&rsquo;ann\u00e9es dans l&rsquo;ornithologie (\u00e9tude des oiseaux) et en a fait sa sp\u00e9cialit\u00e9. Elle fait d\u2019ailleurs partie du conseil d&rsquo;administration de la LPO Vend\u00e9e.&nbsp;<\/span><\/p><p dir=\"ltr\" style=\"line-height:1.38;text-align: justify;margin-top:0pt;margin-bottom:0pt;\"><span style=\"font-size:12pt;font-family:Arial,sans-serif;color:#000000;background-color:transparent;font-weight:400;font-style:normal;font-variant:normal;text-decoration:none;vertical-align:baseline;white-space:pre;white-space:pre-wrap;\">Au programme : lecture de paysage de l\u2019\u00eele, explication et observation des oiseaux marins. L\u2019\u00eele d\u2019Yeu est compos\u00e9e d\u2019une c\u00f4te rocheuse, de plusieurs marais et de cordons dunaires. On peut retrouver sur l\u2019\u00eele diff\u00e9rents paysages comme les dunes, les falaises, les marais, le bocage, les villages\u2026 Sandrine Desmarest nous a sensibilis\u00e9 sur la fragilit\u00e9 des milieux et de la biodiversit\u00e9 de l\u2019\u00eele.&nbsp;<\/span><\/p><p dir=\"ltr\" style=\"line-height:1.38;text-align: justify;margin-top:0pt;margin-bottom:0pt;\"><span style=\"font-size:12pt;font-family:Arial,sans-serif;color:#000000;background-color:transparent;font-weight:400;font-style:normal;font-variant:normal;text-decoration:none;vertical-align:baseline;white-space:pre;white-space:pre-wrap;\">Lors de cette balade, l\u2019animatrice nous a fait d\u00e9couvrir la faune et la flore de l\u2019\u00eele d\u2019Yeu. L\u2019\u00eele regorge de beaucoup d&rsquo;esp\u00e8ces animales et v\u00e9g\u00e9tales. Elle concentre \u00e0 elle seule, 760 esp\u00e8ces v\u00e9g\u00e9tales et 320 esp\u00e8ces d\u2019oiseaux. L\u2019observation nous a permis d\u2019apprendre \u00e0 diff\u00e9rencier les go\u00e9lands, des mouettes. Nous avons donc pu observer des go\u00e9lands argent\u00e9s, des go\u00e9lands marins, des mouettes rieuses, des tournepierres et des cormorans qui \u00e9taient pr\u00e9sents lors de notre escapade sur la plage. Sandrine nous a \u00e9galement expliqu\u00e9 l\u2019importance du r\u00f4le des dunes et de \u201cla laisse de mer\u201d pour la sauvegarde de l\u2019\u00e9cosyst\u00e8me. Nous sommes ensuite all\u00e9s visiter l\u2019int\u00e9rieur des terres pour en apprendre davantage sur la flore sauvage. Nous avons pu observer l\u2019omnipr\u00e9sence de l\u2019ajonc et du ch\u00eane vert notamment.&nbsp;<\/span><\/p><p dir=\"ltr\" style=\"line-height:1.38;text-align: justify;margin-top:0pt;margin-bottom:0pt;\"><span style=\"font-size:12pt;font-family:Arial,sans-serif;color:#000000;background-color:transparent;font-weight:400;font-style:normal;font-variant:normal;text-decoration:none;vertical-align:baseline;white-space:pre;white-space:pre-wrap;\">Malheureusement nous n\u2019avons pas eu le temps de tout apprendre sur la faune et la flore de l\u2019\u00eele mais Sandrine nous a donn\u00e9 un joli aper\u00e7u durant cet apr\u00e8s-midi.&nbsp;<\/span><\/p><br><p dir=\"ltr\" style=\"line-height:1.38;text-align: justify;margin-top:0pt;margin-bottom:0pt;\"><span style=\"font-size:12pt;font-family:Arial,sans-serif;color:#000000;background-color:transparent;font-weight:400;font-style:normal;font-variant:normal;text-decoration:none;vertical-align:baseline;white-space:pre;white-space:pre-wrap;\">A notre grande surprise Sandrine est en cours d\u2019\u00e9criture d\u2019un livre depuis plusieurs ann\u00e9es sur la pr\u00e9sentation de la faune et la flore de l\u2019\u00eele d\u2019Yeu \u00e0 travers ses diff\u00e9rents paysages. Cet ouvrage est tr\u00e8s attendu puisqu\u2019il n\u2019y a pas de livre \u00e0 ce jour pr\u00e9sentant la faune et la flore de l\u2019\u00eele. Merci \u00e0 toi Sandrine !&nbsp;<\/span><\/p>\t\t\t\t\t\t\t\t<\/div>\n\t\t\t\t<\/div>\n\t\t\t\t\t<\/div>\n\t\t\t\t<\/div>\n\t\t<div class=\"elementor-element elementor-element-7bdc44a e-flex e-con-boxed e-con e-parent\" data-id=\"7bdc44a\" data-element_type=\"container\">\n\t\t\t\t\t<div class=\"e-con-inner\">\n\t\t\t\t<div class=\"elementor-element elementor-element-27d0fbe elementor-widget elementor-widget-foogallery\" data-id=\"27d0fbe\" data-element_type=\"widget\" data-widget_type=\"foogallery.default\">\n\t\t\t\t<div class=\"elementor-widget-container\">\n\t\t\t\t\t<div class=\"foogallery foogallery-container foogallery-carousel foogallery-lightbox-foogallery fg-carousel fg-light fg-border-thin fg-shadow-outline fg-loading-default fg-loaded-fade-in fg-caption-hover fg-hover-fade fg-hover-zoom fg-ready\" id=\"foogallery-gallery-462\" data-foogallery=\"{&quot;item&quot;:{&quot;showCaptionTitle&quot;:true,&quot;showCaptionDescription&quot;:true},&quot;lazy&quot;:true,&quot;template&quot;:{&quot;maxItems&quot;:5,&quot;scale&quot;:0.12,&quot;gutter&quot;:{&quot;min&quot;:-40,&quot;max&quot;:-20,&quot;unit&quot;:&quot;%&quot;},&quot;autoplay&quot;:{&quot;time&quot;:3,&quot;interaction&quot;:&quot;pause&quot;},&quot;centerOnClick&quot;:true}}\" data-foogallery-lightbox=\"{&quot;thumbs&quot;:&quot;bottom&quot;,&quot;thumbsCaptions&quot;:false,&quot;thumbsBestFit&quot;:false,&quot;thumbsSmall&quot;:false,&quot;thumbsCaptionsAlign&quot;:&quot;default&quot;,&quot;info&quot;:&quot;bottom&quot;,&quot;infoVisible&quot;:true,&quot;infoOverlay&quot;:true,&quot;infoAlign&quot;:&quot;default&quot;,&quot;transition&quot;:&quot;fade&quot;,&quot;hoverButtons&quot;:false,&quot;fitMedia&quot;:false,&quot;noScrollbars&quot;:true,&quot;preserveButtonSpace&quot;:true,&quot;buttons&quot;:{&quot;fullscreen&quot;:true,&quot;info&quot;:true,&quot;thumbs&quot;:false},&quot;video&quot;:{&quot;autoPlay&quot;:true}}\" >\r\n\t<button type=\"button\" class=\"fg-carousel-prev\"><\/button>\r\n\t<div class=\"fg-carousel-inner\">\r\n\t\t<div class=\"fg-carousel-center\"><\/div>\r\n\t\t<div class=\"fg-item fg-type-image fg-idle\"><figure class=\"fg-item-inner\"><a href=\"https:\/\/milter2024.lyceebelair.fr\/wp-content\/uploads\/2024\/02\/Photo-Mil-Ter-Visite-nature-1-1.jpg\" data-attachment-id=\"463\" data-type=\"image\" class=\"fg-thumb\"><span class=\"fg-image-wrap\"><img decoding=\"async\" width=\"200\" height=\"200\" class=\"skip-lazy fg-image\" data-src-fg=\"https:\/\/milter2024.lyceebelair.fr\/wp-content\/uploads\/cache\/2024\/02\/Photo-Mil-Ter-Visite-nature-1-1\/536447748.jpg\" src=\"data:image\/svg+xml,%3Csvg%20xmlns%3D%22http%3A%2F%2Fwww.w3.org%2F2000%2Fsvg%22%20width%3D%22200%22%20height%3D%22200%22%20viewBox%3D%220%200%20200%20200%22%3E%3C%2Fsvg%3E\" loading=\"eager\"><\/span><span class=\"fg-image-overlay\"><\/span><\/a><figcaption class=\"fg-caption\"><div class=\"fg-caption-inner\"><\/div><\/figcaption><\/figure><div class=\"fg-loader\"><\/div><\/div><div class=\"fg-item fg-type-image fg-idle\"><figure class=\"fg-item-inner\"><a href=\"https:\/\/milter2024.lyceebelair.fr\/wp-content\/uploads\/2024\/02\/Photo-Mil-Ter-Visite-nature-2.jpg\" data-attachment-id=\"464\" data-type=\"image\" class=\"fg-thumb\"><span class=\"fg-image-wrap\"><img decoding=\"async\" width=\"200\" height=\"200\" class=\"skip-lazy fg-image\" data-src-fg=\"https:\/\/milter2024.lyceebelair.fr\/wp-content\/uploads\/cache\/2024\/02\/Photo-Mil-Ter-Visite-nature-2\/3693608530.jpg\" src=\"data:image\/svg+xml,%3Csvg%20xmlns%3D%22http%3A%2F%2Fwww.w3.org%2F2000%2Fsvg%22%20width%3D%22200%22%20height%3D%22200%22%20viewBox%3D%220%200%20200%20200%22%3E%3C%2Fsvg%3E\" loading=\"eager\"><\/span><span class=\"fg-image-overlay\"><\/span><\/a><figcaption class=\"fg-caption\"><div class=\"fg-caption-inner\"><\/div><\/figcaption><\/figure><div class=\"fg-loader\"><\/div><\/div><div class=\"fg-item fg-type-image fg-idle\"><figure class=\"fg-item-inner\"><a href=\"https:\/\/milter2024.lyceebelair.fr\/wp-content\/uploads\/2024\/02\/Photo-Mil-Ter-Visite-nature-3.jpg\" data-attachment-id=\"465\" data-type=\"image\" class=\"fg-thumb\"><span class=\"fg-image-wrap\"><img decoding=\"async\" width=\"200\" height=\"200\" class=\"skip-lazy fg-image\" data-src-fg=\"https:\/\/milter2024.lyceebelair.fr\/wp-content\/uploads\/cache\/2024\/02\/Photo-Mil-Ter-Visite-nature-3\/3887098061.jpg\" src=\"data:image\/svg+xml,%3Csvg%20xmlns%3D%22http%3A%2F%2Fwww.w3.org%2F2000%2Fsvg%22%20width%3D%22200%22%20height%3D%22200%22%20viewBox%3D%220%200%20200%20200%22%3E%3C%2Fsvg%3E\" loading=\"eager\"><\/span><span class=\"fg-image-overlay\"><\/span><\/a><figcaption class=\"fg-caption\"><div class=\"fg-caption-inner\"><\/div><\/figcaption><\/figure><div class=\"fg-loader\"><\/div><\/div><div class=\"fg-item fg-type-image fg-idle\"><figure class=\"fg-item-inner\"><a href=\"https:\/\/milter2024.lyceebelair.fr\/wp-content\/uploads\/2024\/02\/Photo-Mil-Ter-Visite-nature-4.jpg\" data-attachment-id=\"466\" data-type=\"image\" class=\"fg-thumb\"><span class=\"fg-image-wrap\"><img decoding=\"async\" width=\"200\" height=\"200\" class=\"skip-lazy fg-image\" data-src-fg=\"https:\/\/milter2024.lyceebelair.fr\/wp-content\/uploads\/cache\/2024\/02\/Photo-Mil-Ter-Visite-nature-4\/792911254.jpg\" src=\"data:image\/svg+xml,%3Csvg%20xmlns%3D%22http%3A%2F%2Fwww.w3.org%2F2000%2Fsvg%22%20width%3D%22200%22%20height%3D%22200%22%20viewBox%3D%220%200%20200%20200%22%3E%3C%2Fsvg%3E\" loading=\"eager\"><\/span><span class=\"fg-image-overlay\"><\/span><\/a><figcaption class=\"fg-caption\"><div class=\"fg-caption-inner\"><\/div><\/figcaption><\/figure><div class=\"fg-loader\"><\/div><\/div><div class=\"fg-item fg-type-image fg-idle\"><figure class=\"fg-item-inner\"><a href=\"https:\/\/milter2024.lyceebelair.fr\/wp-content\/uploads\/2024\/02\/photo-Mil-Ter-Visite-nature-5.jpg\" data-attachment-id=\"467\" data-type=\"image\" class=\"fg-thumb\"><span class=\"fg-image-wrap\"><img decoding=\"async\" width=\"200\" height=\"200\" class=\"skip-lazy fg-image\" data-src-fg=\"https:\/\/milter2024.lyceebelair.fr\/wp-content\/uploads\/cache\/2024\/02\/photo-Mil-Ter-Visite-nature-5\/220629488.jpg\" src=\"data:image\/svg+xml,%3Csvg%20xmlns%3D%22http%3A%2F%2Fwww.w3.org%2F2000%2Fsvg%22%20width%3D%22200%22%20height%3D%22200%22%20viewBox%3D%220%200%20200%20200%22%3E%3C%2Fsvg%3E\" loading=\"eager\"><\/span><span class=\"fg-image-overlay\"><\/span><\/a><figcaption class=\"fg-caption\"><div class=\"fg-caption-inner\"><\/div><\/figcaption><\/figure><div class=\"fg-loader\"><\/div><\/div>\t<\/div>\r\n\t<div class=\"fg-carousel-bottom\"><\/div>\r\n\t<div class=\"fg-carousel-progress\"><\/div>\r\n\t<button type=\"button\" class=\"fg-carousel-next\"><\/button>\r\n<\/div>\t\t\t\t<\/div>\n\t\t\t\t<\/div>\n\t\t\t\t\t<\/div>\n\t\t\t\t<\/div>\n\t\t<div class=\"elementor-element elementor-element-15caf65 e-flex e-con-boxed e-con e-parent\" data-id=\"15caf65\" data-element_type=\"container\">\n\t\t\t\t\t<div class=\"e-con-inner\">\n\t\t\t\t<div class=\"elementor-element elementor-element-e70c7d7 elementor-widget elementor-widget-text-editor\" data-id=\"e70c7d7\" data-element_type=\"widget\" data-widget_type=\"text-editor.default\">\n\t\t\t\t<div class=\"elementor-widget-container\">\n\t\t\t\t\t\t\t\t\t<p>Malo\u00e9 PROUTEAU, Emilie LE NEZET<\/p>\t\t\t\t\t\t\t\t<\/div>\n\t\t\t\t<\/div>\n\t\t\t\t\t<\/div>\n\t\t\t\t<\/div>\n\t\t\t\t<\/div>\n\t\t","protected":false},"excerpt":{"rendered":"<p>A la d\u00e9couverte de la nature sauvage de l\u2019\u00eele d\u2019yeu ! Les \u00e9tudiants de BTSA DATR en deuxi\u00e8me ann\u00e9e sont partis \u00e0 la d\u00e9couverte de l\u2019\u00eele d\u2019Yeu dans le cadre de leur voyage d\u2019\u00e9tude. L\u2019animatrice nature Sandrine Desmarest s\u2019est charg\u00e9 de leur apporter des connaissances sur le patrimoine naturel de ce territoire.&nbsp; Le mardi 6 [&hellip;]<\/p>\n","protected":false},"author":7,"featured_media":0,"comment_status":"closed","ping_status":"open","sticky":false,"template":"","format":"standard","meta":{"saved_in_kubio":false,"footnotes":""},"categories":[1],"tags":[],"class_list":["post-332","post","type-post","status-publish","format-standard","hentry","category-territoires"],"_links":{"self":[{"href":"https:\/\/milter2024.lyceebelair.fr\/index.php?rest_route=\/wp\/v2\/posts\/332","targetHints":{"allow":["GET"]}}],"collection":[{"href":"https:\/\/milter2024.lyceebelair.fr\/index.php?rest_route=\/wp\/v2\/posts"}],"about":[{"href":"https:\/\/milter2024.lyceebelair.fr\/index.php?rest_route=\/wp\/v2\/types\/post"}],"author":[{"embeddable":true,"href":"https:\/\/milter2024.lyceebelair.fr\/index.php?rest_route=\/wp\/v2\/users\/7"}],"replies":[{"embeddable":true,"href":"https:\/\/milter2024.lyceebelair.fr\/index.php?rest_route=%2Fwp%2Fv2%2Fcomments&post=332"}],"version-history":[{"count":14,"href":"https:\/\/milter2024.lyceebelair.fr\/index.php?rest_route=\/wp\/v2\/posts\/332\/revisions"}],"predecessor-version":[{"id":600,"href":"https:\/\/milter2024.lyceebelair.fr\/index.php?rest_route=\/wp\/v2\/posts\/332\/revisions\/600"}],"wp:attachment":[{"href":"https:\/\/milter2024.lyceebelair.fr\/index.php?rest_route=%2Fwp%2Fv2%2Fmedia&parent=332"}],"wp:term":[{"taxonomy":"category","embeddable":true,"href":"https:\/\/milter2024.lyceebelair.fr\/index.php?rest_route=%2Fwp%2Fv2%2Fcategories&post=332"},{"taxonomy":"post_tag","embeddable":true,"href":"https:\/\/milter2024.lyceebelair.fr\/index.php?rest_route=%2Fwp%2Fv2%2Ftags&post=332"}],"curies":[{"name":"wp","href":"https:\/\/api.w.org\/{rel}","templated":true}]}}