{"id":316,"date":"2024-02-15T09:51:50","date_gmt":"2024-02-15T08:51:50","guid":{"rendered":"https:\/\/www.milter2024.lyceebelair.fr\/?p=316"},"modified":"2024-05-22T08:53:25","modified_gmt":"2024-05-22T06:53:25","slug":"elementor-316","status":"publish","type":"post","link":"https:\/\/milter2024.lyceebelair.fr\/?p=316","title":{"rendered":"Odys\u00e9eYeu"},"content":{"rendered":"\t\t<div data-elementor-type=\"wp-post\" data-elementor-id=\"316\" class=\"elementor elementor-316\">\n\t\t\t\t<div class=\"elementor-element elementor-element-c7f476e e-flex e-con-boxed e-con e-parent\" data-id=\"c7f476e\" data-element_type=\"container\">\n\t\t\t\t\t<div class=\"e-con-inner\">\n\t\t\t\t<div class=\"elementor-element elementor-element-6644148 elementor-widget elementor-widget-heading\" data-id=\"6644148\" data-element_type=\"widget\" data-widget_type=\"heading.default\">\n\t\t\t\t<div class=\"elementor-widget-container\">\n\t\t\t\t\t<h2 class=\"elementor-heading-title elementor-size-default\">Rencontre avec une chercheuse de l\u2019Universit\u00e9 de Nantes et un \u00e9leveur de reine d\u2019abeille<\/h2>\t\t\t\t<\/div>\n\t\t\t\t<\/div>\n\t\t\t\t\t<\/div>\n\t\t\t\t<\/div>\n\t\t<div class=\"elementor-element elementor-element-c6ca05e e-flex e-con-boxed e-con e-parent\" data-id=\"c6ca05e\" data-element_type=\"container\">\n\t\t\t\t\t<div class=\"e-con-inner\">\n\t\t\t\t<div class=\"elementor-element elementor-element-9851bff elementor-widget elementor-widget-text-editor\" data-id=\"9851bff\" data-element_type=\"widget\" data-widget_type=\"text-editor.default\">\n\t\t\t\t<div class=\"elementor-widget-container\">\n\t\t\t\t\t\t\t\t\t<p><i>Les \u00e9tudiants de BTSA DATR en deuxi\u00e8me ann\u00e9e ont rencontr\u00e9 deux acteurs de l\u2019environnement dans le cadre de leur voyage d\u2019\u00e9tude. Elsa Cariou, chercheuse sur l\u2019\u00e9rosion des c\u00f4tes \u00e0 l\u2019\u00eele d\u2019Yeu et Renan Pointeau,\u00a0 pr\u00e9sident de la coop\u00e9rative fonci\u00e8re.\u00a0<\/i><\/p><p>\u00a0<\/p><p>Le jeudi 8 f\u00e9vrier nous avons rencontr\u00e9 Elsa Cariou qui g\u00e8re deux projets sur l\u2019\u00eele:\u00a0<\/p><ul><li aria-level=\"1\">\u00abODyS\u00e9Yeu\u00bb pour comprendre comment fonctionne l\u2019\u00e9rosion sur l\u2019\u00eele,les pics d\u2019\u00e9rosion et comment suivre cette \u00e9rosion au fil du temps ?\u00a0<\/li><li aria-level=\"1\">\u00abOdyss\u00e9e \u00cele\u00bb qui reprend les donn\u00e9es du premier projet servent \u00e0 analyser les zones \u00e0 risques et \u00e0 comprendre pourquoi elles le sont ?<\/li><\/ul><p>\u00a0<\/p><p>A cette r\u00e9union \u00e9tait pr\u00e9sent \u00e9galement Renan Pointeau qui est \u00e9leveur de reines d\u2019abeille. Depuis 2015 sur l\u2019\u00eele, il est pr\u00e9sident de la coop\u00e9rative fonci\u00e8re, qui g\u00e8re les espaces naturels et agricoles en collaboration avec la mairie. La coop\u00e9rative rach\u00e8te des terrains \u00e0 la mairie pour les pr\u00e9server et leur donner une possibilit\u00e9 aux exploitants agricoles de s\u2019installer sur ces terres.<\/p><p>\u00a0<\/p><p>Lors de cette rencontre nous en avons appris un peu plus sur la g\u00e9ologie de l\u2019\u00eele d\u2019Yeu. Le socle de l\u2019\u00eele est rocheux d\u00fb au massif armoricain, form\u00e9 il y a 330 millions d\u2019ann\u00e9es et les roches de l\u2019\u00eele datent de 150 millions d\u2019ann\u00e9es. Les roches qui ont form\u00e9 l\u2019\u00eele ont \u00e9t\u00e9 \u00e9cras\u00e9es par \u00e0 l\u2019\u00e9rosion d\u2019une ancienne montagne. L\u2019\u00eele est la partie \u00abressortie\u00bb de cette ancienne montagne au sein d\u2019un pli de roches. Du sable, de la terre et autres s\u00e9diments se sont ensuite form\u00e9s en surface, qui sont fortement soumis \u00e0 l\u2019\u00e9rosion car ils sont plus mous. Le sable fait des va-et-vient avec les mar\u00e9es et le vent ce qui permet aux plages qu\u2019elles ne s&rsquo;\u00e9rodent pas d\u00e9finitivement. Par exemple, en cas de temp\u00eate il peut y avoir une \u00e9rosion rapide mais qui peut \u00eatre combl\u00e9e dans le temps par le d\u00e9p\u00f4t de sable, mais ce processus est bien plus long. Les recherches d\u2019Odys\u00e9eYeu permettent de comprendre cette m\u00e9canique et de voir quand ces ph\u00e9nom\u00e8nes peuvent se produire. Tous ces probl\u00e8mes d\u2019\u00e9rosion n&rsquo;\u00e9taient pas \u00e9tudi\u00e9s autrefois et le sable \u00e9tait fortement exploit\u00e9 sans se soucier des probl\u00e8mes que cela pouvait causer.<\/p><p><br \/>Dans les ann\u00e9es 1960\/70 il y a eu une grosse extraction de sable et de gravier sur la pointe sud de l\u2019\u00eele il y a eu des cons\u00e9quences directes sur les constructions qui sont faites avec ce sable marin, les murs moisissent \u00e0 cause de la pr\u00e9sence du sel.<\/p><p>\u00a0<\/p><p>Vers la fin de l\u2019exploitation, elle \u00e9tait m\u00e9canis\u00e9e, donc 30 000 m3\u00a0 de sable furent pr\u00e9lev\u00e9s. Constat d\u2019\u00e9rosion dans les ann\u00e9es 70 et un autre pic d\u2019\u00e9rosion dans les ann\u00e9es 80. En 1980, la digue du port est rallong\u00e9e ce qui accentua l\u2019\u00e9rosion. A partir de 1980\/1982, l\u2019extraction fut interdite, l\u2019\u00e9rosion s&rsquo;est stopp\u00e9e et l\u2019effet inverse s&rsquo;est produit. La pointe sud s\u2019est reform\u00e9e avec le temps. En 40 ans, l\u2019int\u00e9gralit\u00e9 du sable n\u2019est pas revenu mais des actions peuvent \u00eatre men\u00e9es pour aider ce processus.<\/p><p><br \/>Au nord, \u00e0 la pointe de la Gournaise \u00e9tait un lieu de d\u00e9p\u00f4t de voitures qui \u00e9tait laiss\u00e9e \u00e0 l\u2019abandon, en l\u2019\u00e9tat, avec les r\u00e9servoirs remplis\u2026L\u2019ensemble a \u00e9t\u00e9 enfoui, la pollution est donc \u00e9norme. La v\u00e9g\u00e9tation a repouss\u00e9 et en 1995 le site fut class\u00e9 en ENS (espace naturel sensible),\u00a0 puis en zone Natura 2000. La pointe \u00e9tait avant cela un lieu pour enterrer des corps retrouv\u00e9s apr\u00e8s des naufrages. Avec l\u2019\u00e9rosion certains squelettes peuvent ressortir mais le site \u00e9tant class\u00e9 il est impossible d\u2019organiser des fouilles pour les d\u00e9placer.<\/p><p>\u00a0<\/p><p>Gr\u00e2ce \u00e0 cette rencontre, nous en savons davantage sur l\u2019Histoire de l\u2019\u00eele. Cela nous a permis de comprendre l\u2019\u00e9tat actuel des c\u00f4tes. Comme dirait Elsa, il faut voir le positif et rien n&rsquo;est irr\u00e9parable.\u00a0<\/p>\t\t\t\t\t\t\t\t<\/div>\n\t\t\t\t<\/div>\n\t\t\t\t\t<\/div>\n\t\t\t\t<\/div>\n\t\t<div class=\"elementor-element elementor-element-48694e8 e-flex e-con-boxed e-con e-parent\" data-id=\"48694e8\" data-element_type=\"container\">\n\t\t\t\t\t<div class=\"e-con-inner\">\n\t\t\t\t<div class=\"elementor-element elementor-element-f5537be elementor-widget elementor-widget-foogallery\" data-id=\"f5537be\" data-element_type=\"widget\" data-widget_type=\"foogallery.default\">\n\t\t\t\t<div class=\"elementor-widget-container\">\n\t\t\t\t\t<div class=\"foogallery foogallery-container foogallery-carousel foogallery-lightbox-foogallery fg-carousel fg-light fg-border-thin fg-shadow-outline fg-loading-default fg-loaded-fade-in fg-caption-hover fg-hover-fade fg-hover-zoom fg-ready\" id=\"foogallery-gallery-479\" data-foogallery=\"{&quot;item&quot;:{&quot;showCaptionTitle&quot;:true,&quot;showCaptionDescription&quot;:true},&quot;lazy&quot;:true,&quot;template&quot;:{&quot;maxItems&quot;:5,&quot;scale&quot;:0.12,&quot;gutter&quot;:{&quot;min&quot;:-40,&quot;max&quot;:-20,&quot;unit&quot;:&quot;%&quot;},&quot;autoplay&quot;:{&quot;time&quot;:3,&quot;interaction&quot;:&quot;pause&quot;},&quot;centerOnClick&quot;:true}}\" data-foogallery-lightbox=\"{&quot;thumbs&quot;:&quot;bottom&quot;,&quot;thumbsCaptions&quot;:false,&quot;thumbsBestFit&quot;:false,&quot;thumbsSmall&quot;:false,&quot;thumbsCaptionsAlign&quot;:&quot;default&quot;,&quot;info&quot;:&quot;bottom&quot;,&quot;infoVisible&quot;:true,&quot;infoOverlay&quot;:true,&quot;infoAlign&quot;:&quot;default&quot;,&quot;transition&quot;:&quot;fade&quot;,&quot;hoverButtons&quot;:false,&quot;fitMedia&quot;:false,&quot;noScrollbars&quot;:true,&quot;preserveButtonSpace&quot;:true,&quot;buttons&quot;:{&quot;fullscreen&quot;:true,&quot;info&quot;:true,&quot;thumbs&quot;:false},&quot;video&quot;:{&quot;autoPlay&quot;:true}}\" >\r\n\t<button type=\"button\" class=\"fg-carousel-prev\"><\/button>\r\n\t<div class=\"fg-carousel-inner\">\r\n\t\t<div class=\"fg-carousel-center\"><\/div>\r\n\t\t<div class=\"fg-item fg-type-image fg-idle\"><figure class=\"fg-item-inner\"><a href=\"https:\/\/milter2024.lyceebelair.fr\/wp-content\/uploads\/2024\/02\/Photo-Odyseyeu-1.jpg\" data-attachment-id=\"480\" data-type=\"image\" class=\"fg-thumb\"><span class=\"fg-image-wrap\"><img decoding=\"async\" width=\"200\" height=\"200\" class=\"skip-lazy fg-image\" data-src-fg=\"https:\/\/milter2024.lyceebelair.fr\/wp-content\/uploads\/cache\/2024\/02\/Photo-Odyseyeu-1\/3042051140.jpg\" src=\"data:image\/svg+xml,%3Csvg%20xmlns%3D%22http%3A%2F%2Fwww.w3.org%2F2000%2Fsvg%22%20width%3D%22200%22%20height%3D%22200%22%20viewBox%3D%220%200%20200%20200%22%3E%3C%2Fsvg%3E\" loading=\"eager\"><\/span><span class=\"fg-image-overlay\"><\/span><\/a><figcaption class=\"fg-caption\"><div class=\"fg-caption-inner\"><\/div><\/figcaption><\/figure><div class=\"fg-loader\"><\/div><\/div><div class=\"fg-item fg-type-image fg-idle\"><figure class=\"fg-item-inner\"><a href=\"https:\/\/milter2024.lyceebelair.fr\/wp-content\/uploads\/2024\/02\/Photo-Odyseyeu.jpg\" data-attachment-id=\"484\" data-type=\"image\" class=\"fg-thumb\"><span class=\"fg-image-wrap\"><img decoding=\"async\" width=\"200\" height=\"200\" class=\"skip-lazy fg-image\" data-src-fg=\"https:\/\/milter2024.lyceebelair.fr\/wp-content\/uploads\/cache\/2024\/02\/Photo-Odyseyeu\/4242100029.jpg\" src=\"data:image\/svg+xml,%3Csvg%20xmlns%3D%22http%3A%2F%2Fwww.w3.org%2F2000%2Fsvg%22%20width%3D%22200%22%20height%3D%22200%22%20viewBox%3D%220%200%20200%20200%22%3E%3C%2Fsvg%3E\" loading=\"eager\"><\/span><span class=\"fg-image-overlay\"><\/span><\/a><figcaption class=\"fg-caption\"><div class=\"fg-caption-inner\"><\/div><\/figcaption><\/figure><div class=\"fg-loader\"><\/div><\/div>\t<\/div>\r\n\t<div class=\"fg-carousel-bottom\"><\/div>\r\n\t<div class=\"fg-carousel-progress\"><\/div>\r\n\t<button type=\"button\" class=\"fg-carousel-next\"><\/button>\r\n<\/div>\t\t\t\t<\/div>\n\t\t\t\t<\/div>\n\t\t\t\t\t<\/div>\n\t\t\t\t<\/div>\n\t\t<div class=\"elementor-element elementor-element-84b9f2f e-flex e-con-boxed e-con e-parent\" data-id=\"84b9f2f\" data-element_type=\"container\">\n\t\t\t\t\t<div class=\"e-con-inner\">\n\t\t\t\t<div class=\"elementor-element elementor-element-c24c26a elementor-widget elementor-widget-text-editor\" data-id=\"c24c26a\" data-element_type=\"widget\" data-widget_type=\"text-editor.default\">\n\t\t\t\t<div class=\"elementor-widget-container\">\n\t\t\t\t\t\t\t\t\t<p>Malo\u00e9 PROUTEAU, Emilie LE NEZET<\/p>\t\t\t\t\t\t\t\t<\/div>\n\t\t\t\t<\/div>\n\t\t\t\t\t<\/div>\n\t\t\t\t<\/div>\n\t\t\t\t<\/div>\n\t\t","protected":false},"excerpt":{"rendered":"<p>Rencontre avec une chercheuse de l\u2019Universit\u00e9 de Nantes et un \u00e9leveur de reine d\u2019abeille Les \u00e9tudiants de BTSA DATR en deuxi\u00e8me ann\u00e9e ont rencontr\u00e9 deux acteurs de l\u2019environnement dans le cadre de leur voyage d\u2019\u00e9tude. Elsa Cariou, chercheuse sur l\u2019\u00e9rosion des c\u00f4tes \u00e0 l\u2019\u00eele d\u2019Yeu et Renan Pointeau,\u00a0 pr\u00e9sident de la coop\u00e9rative fonci\u00e8re.\u00a0 \u00a0 Le [&hellip;]<\/p>\n","protected":false},"author":7,"featured_media":0,"comment_status":"closed","ping_status":"open","sticky":false,"template":"","format":"standard","meta":{"saved_in_kubio":false,"footnotes":""},"categories":[1],"tags":[],"class_list":["post-316","post","type-post","status-publish","format-standard","hentry","category-territoires"],"_links":{"self":[{"href":"https:\/\/milter2024.lyceebelair.fr\/index.php?rest_route=\/wp\/v2\/posts\/316","targetHints":{"allow":["GET"]}}],"collection":[{"href":"https:\/\/milter2024.lyceebelair.fr\/index.php?rest_route=\/wp\/v2\/posts"}],"about":[{"href":"https:\/\/milter2024.lyceebelair.fr\/index.php?rest_route=\/wp\/v2\/types\/post"}],"author":[{"embeddable":true,"href":"https:\/\/milter2024.lyceebelair.fr\/index.php?rest_route=\/wp\/v2\/users\/7"}],"replies":[{"embeddable":true,"href":"https:\/\/milter2024.lyceebelair.fr\/index.php?rest_route=%2Fwp%2Fv2%2Fcomments&post=316"}],"version-history":[{"count":20,"href":"https:\/\/milter2024.lyceebelair.fr\/index.php?rest_route=\/wp\/v2\/posts\/316\/revisions"}],"predecessor-version":[{"id":603,"href":"https:\/\/milter2024.lyceebelair.fr\/index.php?rest_route=\/wp\/v2\/posts\/316\/revisions\/603"}],"wp:attachment":[{"href":"https:\/\/milter2024.lyceebelair.fr\/index.php?rest_route=%2Fwp%2Fv2%2Fmedia&parent=316"}],"wp:term":[{"taxonomy":"category","embeddable":true,"href":"https:\/\/milter2024.lyceebelair.fr\/index.php?rest_route=%2Fwp%2Fv2%2Fcategories&post=316"},{"taxonomy":"post_tag","embeddable":true,"href":"https:\/\/milter2024.lyceebelair.fr\/index.php?rest_route=%2Fwp%2Fv2%2Ftags&post=316"}],"curies":[{"name":"wp","href":"https:\/\/api.w.org\/{rel}","templated":true}]}}