{"id":310,"date":"2024-02-15T10:12:25","date_gmt":"2024-02-15T09:12:25","guid":{"rendered":"https:\/\/www.milter2024.lyceebelair.fr\/?p=310"},"modified":"2024-05-22T08:50:12","modified_gmt":"2024-05-22T06:50:12","slug":"le-vieux-chateau","status":"publish","type":"post","link":"https:\/\/milter2024.lyceebelair.fr\/?p=310","title":{"rendered":"Le vieux ch\u00e2teau"},"content":{"rendered":"\t\t<div data-elementor-type=\"wp-post\" data-elementor-id=\"310\" class=\"elementor elementor-310\">\n\t\t\t\t<div class=\"elementor-element elementor-element-1dc3443 e-flex e-con-boxed e-con e-parent\" data-id=\"1dc3443\" data-element_type=\"container\">\n\t\t\t\t\t<div class=\"e-con-inner\">\n\t\t\t\t<div class=\"elementor-element elementor-element-a89b408 elementor-widget elementor-widget-heading\" data-id=\"a89b408\" data-element_type=\"widget\" data-widget_type=\"heading.default\">\n\t\t\t\t<div class=\"elementor-widget-container\">\n\t\t\t\t\t<h2 class=\"elementor-heading-title elementor-size-default\">Le vieux ch\u00e2teau<\/h2>\t\t\t\t<\/div>\n\t\t\t\t<\/div>\n\t\t\t\t\t<\/div>\n\t\t\t\t<\/div>\n\t\t<div class=\"elementor-element elementor-element-fe20e81 e-flex e-con-boxed e-con e-parent\" data-id=\"fe20e81\" data-element_type=\"container\">\n\t\t\t\t\t<div class=\"e-con-inner\">\n\t\t\t\t<div class=\"elementor-element elementor-element-3834876e elementor-widget elementor-widget-text-editor\" data-id=\"3834876e\" data-element_type=\"widget\" data-widget_type=\"text-editor.default\">\n\t\t\t\t<div class=\"elementor-widget-container\">\n\t\t\t\t\t\t\t\t\t\n<p>Forteresse dress\u00e9e sur un \u00e9peron rocheux entour\u00e9 par la mer, le Vieux Ch\u00e2teau, construit \u00e0 l\u2019aube de la Guerre de Cent Ans, d\u00fbt r\u00e9sister aux assauts r\u00e9p\u00e9t\u00e9s qui ont jalonn\u00e9&nbsp;son histoire et fut un refuge pour la population insulaire durant les nombreuses incursions, notamment anglaises.<\/p>\n\n\n\n<figure class=\"wp-block-image size-large\"><img decoding=\"async\" src=\"https:\/\/www.milter2024.lyceebelair.fr\/wp-content\/uploads\/2024\/02\/sunset-1024x683.jpg\" alt=\"\" class=\"wp-image-355\"\/><\/figure>\n\n\n\n<p>Situ\u00e9 au Sud l\u00e9g\u00e8rement d\u00e9cal\u00e9 vers l&rsquo;Ouest entre la plage des Sabias et le cap des degr\u00e9s et \u00e0 la confluence de la anse de la vache, le Ch\u00e2teau est le seul site m\u00e9di\u00e9val connu de l&rsquo;\u00eele. La construction s&rsquo;entreprend vers 1330, Jeanne de Belleville alors ma\u00eetresse de ces fiefs aurait remplac\u00e9 les constructions en bois d\u00e9j\u00e0 existantes par un ch\u00e2teau fort en pierre taill\u00e9 \u00e0 m\u00eame le roc. Ce projet avait pour but d&rsquo;assurer la s\u00e9curit\u00e9 des Islais en cas d&rsquo;invasion \u00e9trang\u00e8re notamment anglaise. A la fin du 17-\u00e8me, le ch\u00e2teau devient obsol\u00e8te par la construction de petits fort c\u00f4tiers selon la technique de Vauban et est d\u00e9mantel\u00e9 dans le m\u00eame temps par ordre de Louis 14 par peur qu&rsquo;il ne serve de point d&rsquo;appui strat\u00e9giques \u00e0 l&rsquo;ennemi.<\/p>\n\n\n\n<figure class=\"wp-block-image size-large is-resized\"><img decoding=\"async\" src=\"https:\/\/www.milter2024.lyceebelair.fr\/wp-content\/uploads\/2024\/02\/entree-1024x753.jpg\" alt=\"\" class=\"wp-image-353\" style=\"width:839px;height:auto\"\/><\/figure>\n\n\n\n<p>Lors de la fin de la monarchie en France, il est class\u00e9 \u00ab\u00a0monument historique\u00a0\u00bb en 1890.<\/p>\n\n\n\n<p>Autour de sa cour centrale sont regroup\u00e9s les b\u00e2timents et les commodit\u00e9s n\u00e9cessaires \u00e0 la vie quotidienne de ses d\u00e9fenseurs (boulangerie, cuisine, forge, logis&#8230;).<\/p>\n\n\n\n<p>la visite guid\u00e9e de cette forteresse du Moyen-\u00e2ge permet d\u2019\u00e9voquer l\u2019architecture militaire du XIV\u00e8me au XVII\u00e8me si\u00e8cle et les conditions de vie sur une \u00eele sous l\u2019ancien r\u00e9gime.<\/p>\n\n\n\n<figure class=\"wp-block-image size-large\"><img decoding=\"async\" src=\"https:\/\/www.milter2024.lyceebelair.fr\/wp-content\/uploads\/2024\/02\/pics-OT-1024x365.jpg\" alt=\"\" class=\"wp-image-354\"\/><\/figure>\n\n\n\n<p><br>En conclusion, le vieux ch\u00e2teau de l&rsquo;\u00eele d&rsquo;Yeu incarne un t\u00e9moignage fascinant de l&rsquo;histoire riche et mouvement\u00e9e de cette petite \u00eele de l&rsquo;Atlantique. \u00c0 travers ses murs de pierre et ses tours majestueuses, il nous transporte \u00e0 une \u00e9poque lointaine o\u00f9 les batailles se livraient pour la domination des terres et des mers. Symbole de r\u00e9sistance et de pers\u00e9v\u00e9rance, il \u00e9voque \u00e9galement le charme intemporel de la vie insulaire, o\u00f9 le temps semble s&rsquo;\u00e9couler \u00e0 un rythme diff\u00e9rent. Que ce soit pour ses vues imprenables sur l&rsquo;oc\u00e9an, son architecture impressionnante ou ses r\u00e9cits historiques captivants, le vieux ch\u00e2teau de l&rsquo;\u00eele d&rsquo;Yeu demeure un incontournable pour tout visiteur en qu\u00eate d&rsquo;aventure et de d\u00e9couverte. \u00c0 travers ses murs s\u00e9culaires, il nous rappelle que chaque pierre porte en elle les souvenirs d&rsquo;un pass\u00e9 glorieux, pr\u00eat \u00e0 \u00eatre explor\u00e9 et admir\u00e9 par les g\u00e9n\u00e9rations pr\u00e9sentes et futures.<\/p>\n\n\n\n<figure class=\"wp-block-image size-full\"><img decoding=\"async\" src=\"https:\/\/www.milter2024.lyceebelair.fr\/wp-content\/uploads\/2024\/02\/oc.jpg\" alt=\"\" class=\"wp-image-363\"\/><\/figure>\n\n\n\n<p>Laboureux Tiago.<\/p>\n\t\t\t\t\t\t\t\t<\/div>\n\t\t\t\t<\/div>\n\t\t\t\t\t<\/div>\n\t\t\t\t<\/div>\n\t\t\t\t<\/div>\n\t\t","protected":false},"excerpt":{"rendered":"<p>Le vieux ch\u00e2teau Forteresse dress\u00e9e sur un \u00e9peron rocheux entour\u00e9 par la mer, le Vieux Ch\u00e2teau, construit \u00e0 l\u2019aube de la Guerre de Cent Ans, d\u00fbt r\u00e9sister aux assauts r\u00e9p\u00e9t\u00e9s qui ont jalonn\u00e9&nbsp;son histoire et fut un refuge pour la population insulaire durant les nombreuses incursions, notamment anglaises. Situ\u00e9 au Sud l\u00e9g\u00e8rement d\u00e9cal\u00e9 vers l&rsquo;Ouest [&hellip;]<\/p>\n","protected":false},"author":4,"featured_media":0,"comment_status":"closed","ping_status":"open","sticky":false,"template":"","format":"standard","meta":{"saved_in_kubio":false,"footnotes":""},"categories":[1],"tags":[],"class_list":["post-310","post","type-post","status-publish","format-standard","hentry","category-territoires"],"_links":{"self":[{"href":"https:\/\/milter2024.lyceebelair.fr\/index.php?rest_route=\/wp\/v2\/posts\/310","targetHints":{"allow":["GET"]}}],"collection":[{"href":"https:\/\/milter2024.lyceebelair.fr\/index.php?rest_route=\/wp\/v2\/posts"}],"about":[{"href":"https:\/\/milter2024.lyceebelair.fr\/index.php?rest_route=\/wp\/v2\/types\/post"}],"author":[{"embeddable":true,"href":"https:\/\/milter2024.lyceebelair.fr\/index.php?rest_route=\/wp\/v2\/users\/4"}],"replies":[{"embeddable":true,"href":"https:\/\/milter2024.lyceebelair.fr\/index.php?rest_route=%2Fwp%2Fv2%2Fcomments&post=310"}],"version-history":[{"count":7,"href":"https:\/\/milter2024.lyceebelair.fr\/index.php?rest_route=\/wp\/v2\/posts\/310\/revisions"}],"predecessor-version":[{"id":594,"href":"https:\/\/milter2024.lyceebelair.fr\/index.php?rest_route=\/wp\/v2\/posts\/310\/revisions\/594"}],"wp:attachment":[{"href":"https:\/\/milter2024.lyceebelair.fr\/index.php?rest_route=%2Fwp%2Fv2%2Fmedia&parent=310"}],"wp:term":[{"taxonomy":"category","embeddable":true,"href":"https:\/\/milter2024.lyceebelair.fr\/index.php?rest_route=%2Fwp%2Fv2%2Fcategories&post=310"},{"taxonomy":"post_tag","embeddable":true,"href":"https:\/\/milter2024.lyceebelair.fr\/index.php?rest_route=%2Fwp%2Fv2%2Ftags&post=310"}],"curies":[{"name":"wp","href":"https:\/\/api.w.org\/{rel}","templated":true}]}}