{"id":167,"date":"2024-02-15T09:34:41","date_gmt":"2024-02-15T08:34:41","guid":{"rendered":"https:\/\/www.milter2024.lyceebelair.fr\/?p=167"},"modified":"2024-05-22T08:54:16","modified_gmt":"2024-05-22T06:54:16","slug":"office-du-tourisme","status":"publish","type":"post","link":"https:\/\/milter2024.lyceebelair.fr\/?p=167","title":{"rendered":"Office du Tourisme"},"content":{"rendered":"\t\t<div data-elementor-type=\"wp-post\" data-elementor-id=\"167\" class=\"elementor elementor-167\">\n\t\t\t\t<div class=\"elementor-element elementor-element-3298f08 e-flex e-con-boxed e-con e-parent\" data-id=\"3298f08\" data-element_type=\"container\">\n\t\t\t\t\t<div class=\"e-con-inner\">\n\t\t\t\t<div class=\"elementor-element elementor-element-d8ffe01 elementor-widget elementor-widget-heading\" data-id=\"d8ffe01\" data-element_type=\"widget\" data-widget_type=\"heading.default\">\n\t\t\t\t<div class=\"elementor-widget-container\">\n\t\t\t\t\t<h2 class=\"elementor-heading-title elementor-size-default\">L'office de tourisme<\/h2>\t\t\t\t<\/div>\n\t\t\t\t<\/div>\n\t\t\t\t\t<\/div>\n\t\t\t\t<\/div>\n\t\t<div class=\"elementor-element elementor-element-3d59c8aa e-flex e-con-boxed e-con e-parent\" data-id=\"3d59c8aa\" data-element_type=\"container\">\n\t\t\t\t\t<div class=\"e-con-inner\">\n\t\t\t\t<div class=\"elementor-element elementor-element-77fc0555 elementor-widget elementor-widget-text-editor\" data-id=\"77fc0555\" data-element_type=\"widget\" data-widget_type=\"text-editor.default\">\n\t\t\t\t<div class=\"elementor-widget-container\">\n\t\t\t\t\t\t\t\t\t<p><\/p>\n<p class=\"has-text-align-left\">Le lundi 5 f\u00e9vrier 2024, la classe de BTS DATR \u00ab\u00a0<b><i>D\u00e9veloppement, Animation des Territoires Ruraux<\/i><\/b>\u00a0\u00bb en 2\u00e8me ann\u00e9e et 2 professeurs, Mme Tosani (professeure d&rsquo;\u00e9conomie) et Mr Faure (professeur d&rsquo;\u00e9ducation socio-culturel) sont all\u00e9s \u00e0 la rencontre de mesdames\u00a0<strong>Sandrine Lamour-Trichet,\u00a0<\/strong>directrice de l\u2019O.T., Office du tourisme de l&rsquo;\u00eele d&rsquo;Yeu\u00a0 et <strong>Corinne Ricolleau,\u00a0<\/strong>\u00a0charg\u00e9e de mission sur la Mobilit\u00e9 douce \u00e0 l&rsquo;O.T.<\/p>\n<p><\/p>\n<p><\/p>\n<p><\/p>\t\t\t\t\t\t\t\t<\/div>\n\t\t\t\t<\/div>\n\t\t\t\t\t<\/div>\n\t\t\t\t<\/div>\n\t\t<div class=\"elementor-element elementor-element-57dd5c5 e-flex e-con-boxed e-con e-parent\" data-id=\"57dd5c5\" data-element_type=\"container\">\n\t\t\t\t\t<div class=\"e-con-inner\">\n\t\t\t\t<div class=\"elementor-element elementor-element-8bd827a elementor-widget elementor-widget-foogallery\" data-id=\"8bd827a\" data-element_type=\"widget\" data-widget_type=\"foogallery.default\">\n\t\t\t\t<div class=\"elementor-widget-container\">\n\t\t\t\t\t<div class=\"foogallery foogallery-container foogallery-carousel foogallery-lightbox-foogallery fg-carousel fg-light fg-border-thin fg-shadow-outline fg-loading-default fg-loaded-fade-in fg-caption-hover fg-hover-fade fg-hover-zoom fg-ready\" id=\"foogallery-gallery-170\" data-foogallery=\"{&quot;item&quot;:{&quot;showCaptionTitle&quot;:true,&quot;showCaptionDescription&quot;:true},&quot;lazy&quot;:true,&quot;template&quot;:{&quot;maxItems&quot;:5,&quot;scale&quot;:0.12,&quot;gutter&quot;:{&quot;min&quot;:-40,&quot;max&quot;:-20,&quot;unit&quot;:&quot;%&quot;},&quot;autoplay&quot;:{&quot;time&quot;:2,&quot;interaction&quot;:&quot;pause&quot;},&quot;centerOnClick&quot;:true}}\" data-foogallery-lightbox=\"{&quot;thumbs&quot;:&quot;bottom&quot;,&quot;thumbsCaptions&quot;:false,&quot;thumbsBestFit&quot;:false,&quot;thumbsSmall&quot;:false,&quot;thumbsCaptionsAlign&quot;:&quot;default&quot;,&quot;info&quot;:&quot;bottom&quot;,&quot;infoVisible&quot;:true,&quot;infoOverlay&quot;:true,&quot;infoAlign&quot;:&quot;default&quot;,&quot;transition&quot;:&quot;fade&quot;,&quot;hoverButtons&quot;:false,&quot;fitMedia&quot;:false,&quot;noScrollbars&quot;:true,&quot;preserveButtonSpace&quot;:true,&quot;buttons&quot;:{&quot;fullscreen&quot;:true,&quot;info&quot;:true,&quot;thumbs&quot;:false},&quot;video&quot;:{&quot;autoPlay&quot;:true}}\" >\r\n\t<button type=\"button\" class=\"fg-carousel-prev\"><\/button>\r\n\t<div class=\"fg-carousel-inner\">\r\n\t\t<div class=\"fg-carousel-center\"><\/div>\r\n\t\t<div class=\"fg-item fg-type-image fg-idle\"><figure class=\"fg-item-inner\"><a href=\"https:\/\/milter2024.lyceebelair.fr\/wp-content\/uploads\/2024\/02\/Photo-reunion-OT-1.jpg\" data-attachment-id=\"453\" data-type=\"image\" class=\"fg-thumb\"><span class=\"fg-image-wrap\"><img decoding=\"async\" width=\"200\" height=\"200\" class=\"skip-lazy fg-image\" data-src-fg=\"https:\/\/milter2024.lyceebelair.fr\/wp-content\/uploads\/cache\/2024\/02\/Photo-reunion-OT-1\/3542134897.jpg\" src=\"data:image\/svg+xml,%3Csvg%20xmlns%3D%22http%3A%2F%2Fwww.w3.org%2F2000%2Fsvg%22%20width%3D%22200%22%20height%3D%22200%22%20viewBox%3D%220%200%20200%20200%22%3E%3C%2Fsvg%3E\" loading=\"eager\"><\/span><span class=\"fg-image-overlay\"><\/span><\/a><figcaption class=\"fg-caption\"><div class=\"fg-caption-inner\"><\/div><\/figcaption><\/figure><div class=\"fg-loader\"><\/div><\/div><div class=\"fg-item fg-type-image fg-idle\"><figure class=\"fg-item-inner\"><a href=\"https:\/\/milter2024.lyceebelair.fr\/wp-content\/uploads\/2024\/02\/Photo-reunion-OT-2.jpg\" data-attachment-id=\"454\" data-type=\"image\" class=\"fg-thumb\"><span class=\"fg-image-wrap\"><img decoding=\"async\" width=\"200\" height=\"200\" class=\"skip-lazy fg-image\" data-src-fg=\"https:\/\/milter2024.lyceebelair.fr\/wp-content\/uploads\/cache\/2024\/02\/Photo-reunion-OT-2\/3808071742.jpg\" src=\"data:image\/svg+xml,%3Csvg%20xmlns%3D%22http%3A%2F%2Fwww.w3.org%2F2000%2Fsvg%22%20width%3D%22200%22%20height%3D%22200%22%20viewBox%3D%220%200%20200%20200%22%3E%3C%2Fsvg%3E\" loading=\"eager\"><\/span><span class=\"fg-image-overlay\"><\/span><\/a><figcaption class=\"fg-caption\"><div class=\"fg-caption-inner\"><\/div><\/figcaption><\/figure><div class=\"fg-loader\"><\/div><\/div><div class=\"fg-item fg-type-image fg-idle\"><figure class=\"fg-item-inner\"><a href=\"https:\/\/milter2024.lyceebelair.fr\/wp-content\/uploads\/2024\/02\/photo-reunion-OT-3.jpg\" data-attachment-id=\"455\" data-type=\"image\" class=\"fg-thumb\"><span class=\"fg-image-wrap\"><img decoding=\"async\" width=\"200\" height=\"200\" class=\"skip-lazy fg-image\" data-src-fg=\"https:\/\/milter2024.lyceebelair.fr\/wp-content\/uploads\/cache\/2024\/02\/photo-reunion-OT-3\/2289866144.jpg\" src=\"data:image\/svg+xml,%3Csvg%20xmlns%3D%22http%3A%2F%2Fwww.w3.org%2F2000%2Fsvg%22%20width%3D%22200%22%20height%3D%22200%22%20viewBox%3D%220%200%20200%20200%22%3E%3C%2Fsvg%3E\" loading=\"eager\"><\/span><span class=\"fg-image-overlay\"><\/span><\/a><figcaption class=\"fg-caption\"><div class=\"fg-caption-inner\"><\/div><\/figcaption><\/figure><div class=\"fg-loader\"><\/div><\/div><div class=\"fg-item fg-type-image fg-idle\"><figure class=\"fg-item-inner\"><a href=\"https:\/\/milter2024.lyceebelair.fr\/wp-content\/uploads\/2024\/02\/Photo-reunion-OT.jpg\" data-attachment-id=\"456\" data-type=\"image\" class=\"fg-thumb\"><span class=\"fg-image-wrap\"><img decoding=\"async\" width=\"200\" height=\"200\" class=\"skip-lazy fg-image\" data-src-fg=\"https:\/\/milter2024.lyceebelair.fr\/wp-content\/uploads\/cache\/2024\/02\/Photo-reunion-OT\/2852197972.jpg\" src=\"data:image\/svg+xml,%3Csvg%20xmlns%3D%22http%3A%2F%2Fwww.w3.org%2F2000%2Fsvg%22%20width%3D%22200%22%20height%3D%22200%22%20viewBox%3D%220%200%20200%20200%22%3E%3C%2Fsvg%3E\" loading=\"eager\"><\/span><span class=\"fg-image-overlay\"><\/span><\/a><figcaption class=\"fg-caption\"><div class=\"fg-caption-inner\"><\/div><\/figcaption><\/figure><div class=\"fg-loader\"><\/div><\/div>\t<\/div>\r\n\t<div class=\"fg-carousel-bottom\"><\/div>\r\n\t<div class=\"fg-carousel-progress\"><\/div>\r\n\t<button type=\"button\" class=\"fg-carousel-next\"><\/button>\r\n<\/div>\t\t\t\t<\/div>\n\t\t\t\t<\/div>\n\t\t\t\t\t<\/div>\n\t\t\t\t<\/div>\n\t\t<div class=\"elementor-element elementor-element-05f7875 e-flex e-con-boxed e-con e-parent\" data-id=\"05f7875\" data-element_type=\"container\">\n\t\t\t\t\t<div class=\"e-con-inner\">\n\t\t\t\t<div class=\"elementor-element elementor-element-40472eb elementor-widget elementor-widget-text-editor\" data-id=\"40472eb\" data-element_type=\"widget\" data-widget_type=\"text-editor.default\">\n\t\t\t\t<div class=\"elementor-widget-container\">\n\t\t\t\t\t\t\t\t\t<p>Cet entretien est le premier du s\u00e9jour et, partant avec une th\u00e9orie inv\u00e9t\u00e9r\u00e9 qui n&rsquo;attendais que de s&rsquo;\u00e9tayer par la pratique des entretiens, il se voit rev\u00eatir la lourde t\u00e2che de nous permettre d&rsquo;aborder l&rsquo;\u00eele sur une base importante de donn\u00e9es pour les futurs entretiens. Le statut \u00ab\u00a0d&rsquo;\u00eele du Ponant\u00a0\u00bb a \u00e9galement \u00e9t\u00e9 une nouveaut\u00e9 pour nous tous ici, ce rendez-vous marque l&rsquo;entr\u00e9e en mati\u00e8re des r\u00e9alit\u00e9s auxquelles sont confront\u00e9s une insularit\u00e9, notamment au niveau touristique et environnemental.<\/p>\t\t\t\t\t\t\t\t<\/div>\n\t\t\t\t<\/div>\n\t\t\t\t\t<\/div>\n\t\t\t\t<\/div>\n\t\t<div class=\"elementor-element elementor-element-1d4931a e-flex e-con-boxed e-con e-parent\" data-id=\"1d4931a\" data-element_type=\"container\">\n\t\t\t\t\t<div class=\"e-con-inner\">\n\t\t\t\t<div class=\"elementor-element elementor-element-2fe7b3c elementor-widget elementor-widget-text-editor\" data-id=\"2fe7b3c\" data-element_type=\"widget\" data-widget_type=\"text-editor.default\">\n\t\t\t\t<div class=\"elementor-widget-container\">\n\t\t\t\t\t\t\t\t\t<p>Lors de cette rencontre la teneur des \u00e9changes portait<span style=\"color: var( --e-global-color-text ); font-family: var( --e-global-typography-text-font-family ), Sans-serif; font-weight: var( --e-global-typography-text-font-weight ); text-align: var(--text-align);\">\u00a0sur le tourisme et ses dimensions inh\u00e9rentes sur le cas de l&rsquo;\u00eele d&rsquo;Yeu : la carence de logements y compris hors p\u00e9riode estivale, la gestion faunistique et floristiques des espaces naturel sensible. L&rsquo;instauration d&rsquo;un dialogue avec la population sur le patrimoine insulaire ainsi que les missions de l&rsquo;office et la promotion touristique appliqu\u00e9e.<\/span><\/p>\t\t\t\t\t\t\t\t<\/div>\n\t\t\t\t<\/div>\n\t\t\t\t\t<\/div>\n\t\t\t\t<\/div>\n\t\t<div class=\"elementor-element elementor-element-dffd2bc e-flex e-con-boxed e-con e-parent\" data-id=\"dffd2bc\" data-element_type=\"container\">\n\t\t\t\t\t<div class=\"e-con-inner\">\n\t\t\t\t<div class=\"elementor-element elementor-element-0f3443a elementor-widget elementor-widget-text-editor\" data-id=\"0f3443a\" data-element_type=\"widget\" data-widget_type=\"text-editor.default\">\n\t\t\t\t<div class=\"elementor-widget-container\">\n\t\t\t\t\t\t\t\t\t<p>La vision d\u00e9fendue porte sur la conciliation entre la gestion du sur tourisme et la protection et valorisation du patrimoine. Les axes d&rsquo;am\u00e9lioration \u00e9voqu\u00e9s soul\u00e8ve l&rsquo;adaptation des services touristiques au rythme vacancier induit par la p\u00e9riode estivale. Par exemple les services de transport en commun comme les bus passant \u00e0 un horaire de 17h en \u00e9t\u00e9 alors que les vacanciers se trouvent encore enclin \u00e0 profiter des plages, des monuments et ne souhaitent pas ressentir cette \u00e9treinte impropre par essence aux vacances. L&rsquo;enjeu soulev\u00e9 est pour l&rsquo;OT une restructuration de l&rsquo;offre touristique \u00e0 deux vitesses : celle de la saison creuse et celle de la pleine saison.<\/p>\t\t\t\t\t\t\t\t<\/div>\n\t\t\t\t<\/div>\n\t\t\t\t\t<\/div>\n\t\t\t\t<\/div>\n\t\t<div class=\"elementor-element elementor-element-fc1f0ec e-flex e-con-boxed e-con e-parent\" data-id=\"fc1f0ec\" data-element_type=\"container\">\n\t\t\t\t\t<div class=\"e-con-inner\">\n\t\t\t\t<div class=\"elementor-element elementor-element-37f1aec elementor-widget elementor-widget-text-editor\" data-id=\"37f1aec\" data-element_type=\"widget\" data-widget_type=\"text-editor.default\">\n\t\t\t\t<div class=\"elementor-widget-container\">\n\t\t\t\t\t\t\t\t\t<p>Le profil type d&rsquo;un touriste est le suivant : le visiteur moyen passe une journ\u00e9e sur l&rsquo;\u00eele l&rsquo;activit\u00e9 la plus pratiqu\u00e9e est la randonn\u00e9e \u00e0 pied ou \u00e0 v\u00e9lo du fait de la petite taille du territoire, 26 km2. Le panier moyen est de 300\u20ac par jour pour un couple avec deux enfants et de 3000\u20ac pour une semaine en haute saison.<\/p>\t\t\t\t\t\t\t\t<\/div>\n\t\t\t\t<\/div>\n\t\t\t\t\t<\/div>\n\t\t\t\t<\/div>\n\t\t<div class=\"elementor-element elementor-element-e39d735 e-flex e-con-boxed e-con e-parent\" data-id=\"e39d735\" data-element_type=\"container\">\n\t\t\t\t\t<div class=\"e-con-inner\">\n\t\t\t\t<div class=\"elementor-element elementor-element-0402243 elementor-widget elementor-widget-text-editor\" data-id=\"0402243\" data-element_type=\"widget\" data-widget_type=\"text-editor.default\">\n\t\t\t\t<div class=\"elementor-widget-container\">\n\t\t\t\t\t\t\t\t\t<p>Mme Ricolleau a \u00e9voqu\u00e9 le probl\u00e8me r\u00e9current du logement sur l&rsquo;\u00eele d&rsquo;Yeu, class\u00e9e en zone tendue, classification cr\u00e9e en 2013 pour qualifier les agglom\u00e9rations ou le march\u00e9 immobilier souffre d&rsquo;un grave d\u00e9s\u00e9quilibre entre l&rsquo;offre et la demande du logement. Il y a 5 800 r\u00e9sidences secondaires et 4000 r\u00e9sidences principales, ce qui induit un manque de logements vacants pour les r\u00e9sidents, les saisonniers de l&rsquo;\u00e9t\u00e9 et pour des groupes de touristes de 10 personnes et plus. Pour solutionner ces probl\u00e8mes, la municipalit\u00e9 m\u00e8nent plusieurs actions : droit de pr\u00e9emption et veiller \u00e0 l&rsquo;\u00e9volution du parc locatif pour le tourisme).<\/p>\n<div>\u00a0<\/div>\n<div>Drapeau Lucas, Laboureux Tiago<\/div>\t\t\t\t\t\t\t\t<\/div>\n\t\t\t\t<\/div>\n\t\t\t\t\t<\/div>\n\t\t\t\t<\/div>\n\t\t\t\t<\/div>\n\t\t","protected":false},"excerpt":{"rendered":"<p>L&rsquo;office de tourisme Le lundi 5 f\u00e9vrier 2024, la classe de BTS DATR \u00ab\u00a0D\u00e9veloppement, Animation des Territoires Ruraux\u00a0\u00bb en 2\u00e8me ann\u00e9e et 2 professeurs, Mme Tosani (professeure d&rsquo;\u00e9conomie) et Mr Faure (professeur d&rsquo;\u00e9ducation socio-culturel) sont all\u00e9s \u00e0 la rencontre de mesdames\u00a0Sandrine Lamour-Trichet,\u00a0directrice de l\u2019O.T., Office du tourisme de l&rsquo;\u00eele d&rsquo;Yeu\u00a0 et Corinne Ricolleau,\u00a0\u00a0charg\u00e9e de mission [&hellip;]<\/p>\n","protected":false},"author":4,"featured_media":0,"comment_status":"closed","ping_status":"open","sticky":false,"template":"","format":"standard","meta":{"saved_in_kubio":false,"footnotes":""},"categories":[1],"tags":[],"class_list":["post-167","post","type-post","status-publish","format-standard","hentry","category-territoires"],"_links":{"self":[{"href":"https:\/\/milter2024.lyceebelair.fr\/index.php?rest_route=\/wp\/v2\/posts\/167","targetHints":{"allow":["GET"]}}],"collection":[{"href":"https:\/\/milter2024.lyceebelair.fr\/index.php?rest_route=\/wp\/v2\/posts"}],"about":[{"href":"https:\/\/milter2024.lyceebelair.fr\/index.php?rest_route=\/wp\/v2\/types\/post"}],"author":[{"embeddable":true,"href":"https:\/\/milter2024.lyceebelair.fr\/index.php?rest_route=\/wp\/v2\/users\/4"}],"replies":[{"embeddable":true,"href":"https:\/\/milter2024.lyceebelair.fr\/index.php?rest_route=%2Fwp%2Fv2%2Fcomments&post=167"}],"version-history":[{"count":68,"href":"https:\/\/milter2024.lyceebelair.fr\/index.php?rest_route=\/wp\/v2\/posts\/167\/revisions"}],"predecessor-version":[{"id":606,"href":"https:\/\/milter2024.lyceebelair.fr\/index.php?rest_route=\/wp\/v2\/posts\/167\/revisions\/606"}],"wp:attachment":[{"href":"https:\/\/milter2024.lyceebelair.fr\/index.php?rest_route=%2Fwp%2Fv2%2Fmedia&parent=167"}],"wp:term":[{"taxonomy":"category","embeddable":true,"href":"https:\/\/milter2024.lyceebelair.fr\/index.php?rest_route=%2Fwp%2Fv2%2Fcategories&post=167"},{"taxonomy":"post_tag","embeddable":true,"href":"https:\/\/milter2024.lyceebelair.fr\/index.php?rest_route=%2Fwp%2Fv2%2Ftags&post=167"}],"curies":[{"name":"wp","href":"https:\/\/api.w.org\/{rel}","templated":true}]}}